{"id":1403,"date":"2023-12-01T14:35:07","date_gmt":"2023-12-01T14:35:07","guid":{"rendered":"https:\/\/www.dp.lu\/maacher\/?p=1403"},"modified":"2023-12-01T14:35:09","modified_gmt":"2023-12-01T14:35:09","slug":"een-koalitioun-dei-sech-op-ganz-dennem-ais-bewegt","status":"publish","type":"post","link":"https:\/\/www.dp.lu\/maacher\/een-koalitioun-dei-sech-op-ganz-dennem-ais-bewegt\/","title":{"rendered":"Een Koalitioun, d\u00e9i sech op ganz d\u00ebnnem \u00c4is bewegt"},"content":{"rendered":"\n<p>Fir unzef\u00e4nken&nbsp;: Gratulatioun s\u00e4itens der DP Maacher un de Leon Gloden, ganz Maacher ass frou e Minister ze hun. A seine Fonktiounen als Minister fir affaires int\u00e9rieures a fir d\u2019Police w\u00e4ert hen och fir d\u2019Gemeen Maacher w\u00e4ertvoll Arbecht k\u00ebnne leesten.<\/p>\n\n\n\n<p>Mir gratul\u00e9ieren och, dem Monique Hermes als nei Boregemeestesch, dem Liane Felten als nei Sch\u00e4ffin, d\u00e9i jo vun hirer 6 S\u00ebtz Majorit\u00e9it best\u00ebmmt gi sen, an dem Marc Ury als neie Conseiller. Mir w\u00ebnschen allen een gl\u00e9cklech Hand, am Int\u00e9r\u00eat fir Maacher an een goud Zukunft ze f\u00e9ieren\u2026<\/p>\n\n\n\n<p>Ech waert elo meng Ried d\u00e9i ech bei der Sch\u00f6ffenrotserkl\u00e4rung gehalen hunn n\u00ebt widderhuelen, iis Meenung zum Wahlresultat huet sech awer n\u00ebt g\u00e4nnert.<\/p>\n\n\n\n<p>Just esouvill zum Walresultat vum Juni 2023:<\/p>\n\n\n\n<p>CSV\/D\u00e9i Gr\u00e9ng Koalitioun hat 6% verluer a k\u00ebnnt zesummen net m\u00e9i op d\u2019H\u00e4lschent vun de Wielerst\u00ebmmen&nbsp;!<\/p>\n\n\n\n<p>De Leon Gloden hat 1.659 St\u00ebmmen&nbsp; \u2026.<\/p>\n\n\n\n<p>Insgesamt hat d\u2019CSV op just 44 St\u00ebmmen e 5. S\u00ebtz behalen<\/p>\n\n\n\n<p>Eleen dat wier Grond genoug gewiest, d\u2019Koalitioun CSV\/D\u00e9i Gr\u00e9ng net weiderzefueren.<\/p>\n\n\n\n<p>Awer&nbsp;: 10 Minuten no der Publikatioun vum Walresultat hu b\u00e9id Parteien schon exclusiv Koalitiounsgespr\u00e9icher gefouert.<\/p>\n\n\n\n<p>Elo sen dem Leon Gloden sein 1.659 St\u00ebmmen fort, a gin dorech de Marc Ury ersat, deen 676 St\u00ebmmen kr\u00e9it hat.<\/p>\n\n\n\n<p>Sp\u00e9itstens elo&nbsp;!! h\u00e4tt di aktuell Koalitioun missen zur Asiicht kommen, datt et esou net ka weidergon, an datt de Wielerw\u00ebllen&nbsp; nees misst respekt\u00e9iert gin.<\/p>\n\n\n\n<p>Datt mir is goud verstin:<\/p>\n\n\n\n<p>Bei der Zesummeseetzung vum Sch\u00e4fferot:<\/p>\n\n\n\n<p>Et l\u00e4it net un de Persounen un sech, allen 3 se Respektspersounen&nbsp;!<\/p>\n\n\n\n<p>Mee: et l\u00e4it un der Koalitioun CSV\/D\u00e9i Gr\u00e9ing, d\u00e9i elo b\u00e4i W\u00e4item keen Majorit\u00e9it vun der Bev\u00f6lkerung m\u00e9i hannert sech huet.<\/p>\n\n\n\n<p>Och er\u00ebnneren ech nach een K\u00e9ier un dem Leon Gloden sein Wieder virun de letzte Gemeenewalen vu Respekt\u2026\u2026Ech hat bei der Sch\u00f6ffenrotserkl\u00e4rung schon mol gesot, Respekt w\u00e4r gewiesst wann mat iis geschwat ginn w\u00e4r.<\/p>\n\n\n\n<p>Dat eenzeg Gespr\u00e9ich woar d\u2019Zouso fir e Posten an der Schoulkommissioun, woufir mir Dankbar sin.<\/p>\n\n\n\n<p>Allerd\u00e9ngs l\u00e9ist dat net de Problem vun eener Majorit\u00e9it, d\u00e9i sech just mat eem wackleche Wackels\u00ebtz, deen moralesch gesin guer kee m\u00e9i as, iwer Waasser h\u00e4lt an nom Ofgang vum Leon Gloden keenesfalls m\u00e9i de Wielerw\u00ebllen respekt\u00e9iert.<\/p>\n\n\n\n<p>D\u2019Gemeen Maacher as an eener prek\u00e4rer Situatioun&nbsp;: een Koalitioun, d\u00e9i sech op ganz d\u00ebnnem \u00c4is bewegt an d\u00e9i risk\u00e9iert, iwerfuerdert ze sen&nbsp;! An daat an eem d\u00e9ck belasteten finanziellen \u00cbmfeld, daat se sech selwer an deene letzten 12 Joer agebrockt huet. An d\u00e9i op e \u00ab&nbsp;weider esou&nbsp;\u00bb seetzt, woub\u00e4i se moralesch vis-\u00e0-vis vum Wielerw\u00ebllen \u2013 wuel verstan als Koalitioun CSV\/D\u00e9i Gr\u00e9ng \u2013 ech schweetzen hei net vun&nbsp; eenzelnen Persounen&nbsp; an isem Aa\u00ebn net m\u00e9i vertrietbars as!<\/p>\n\n\n\n<p>Dir verst\u00e9it, datt mir d\u2019Punkten 2 an 3 aus all de virgenannte Gr\u00ebnn net k\u00ebnne matdron, och wa mir deenen eenzelne Persounen ise volle Respekt zollen.<\/p>\n","protected":false},"excerpt":{"rendered":"<p>Fir unzef\u00e4nken&nbsp;: Gratulatioun s\u00e4itens der DP Maacher un de Leon Gloden, ganz Maacher ass frou e Minister ze hun. A seine Fonktiounen als Minister fir affaires int\u00e9rieures a fir d\u2019Police w\u00e4ert hen och fir d\u2019Gemeen Maacher w\u00e4ertvoll Arbecht k\u00ebnne leesten. Mir gratul\u00e9ieren och, dem Monique Hermes als nei Boregemeestesch, dem Liane Felten als nei Sch\u00e4ffin, [&hellip;]<\/p>\n","protected":false},"author":396,"featured_media":631,"comment_status":"closed","ping_status":"closed","sticky":false,"template":"","format":"standard","meta":{"footnotes":""},"categories":[1],"tags":[23,22,21],"class_list":["post-1403","post","type-post","status-publish","format-standard","has-post-thumbnail","hentry","category-news","tag-claire-sertznig","tag-claude-wagner","tag-patrick-frieden","wpbf-post"],"_links":{"self":[{"href":"https:\/\/www.dp.lu\/maacher\/wp-json\/wp\/v2\/posts\/1403","targetHints":{"allow":["GET"]}}],"collection":[{"href":"https:\/\/www.dp.lu\/maacher\/wp-json\/wp\/v2\/posts"}],"about":[{"href":"https:\/\/www.dp.lu\/maacher\/wp-json\/wp\/v2\/types\/post"}],"author":[{"embeddable":true,"href":"https:\/\/www.dp.lu\/maacher\/wp-json\/wp\/v2\/users\/396"}],"replies":[{"embeddable":true,"href":"https:\/\/www.dp.lu\/maacher\/wp-json\/wp\/v2\/comments?post=1403"}],"version-history":[{"count":1,"href":"https:\/\/www.dp.lu\/maacher\/wp-json\/wp\/v2\/posts\/1403\/revisions"}],"predecessor-version":[{"id":1404,"href":"https:\/\/www.dp.lu\/maacher\/wp-json\/wp\/v2\/posts\/1403\/revisions\/1404"}],"wp:featuredmedia":[{"embeddable":true,"href":"https:\/\/www.dp.lu\/maacher\/wp-json\/wp\/v2\/media\/631"}],"wp:attachment":[{"href":"https:\/\/www.dp.lu\/maacher\/wp-json\/wp\/v2\/media?parent=1403"}],"wp:term":[{"taxonomy":"category","embeddable":true,"href":"https:\/\/www.dp.lu\/maacher\/wp-json\/wp\/v2\/categories?post=1403"},{"taxonomy":"post_tag","embeddable":true,"href":"https:\/\/www.dp.lu\/maacher\/wp-json\/wp\/v2\/tags?post=1403"}],"curies":[{"name":"wp","href":"https:\/\/api.w.org\/{rel}","templated":true}]}}