{"id":813,"date":"2021-10-01T21:13:15","date_gmt":"2021-10-01T21:13:15","guid":{"rendered":"https:\/\/www.dp.lu\/maacher\/?p=813"},"modified":"2023-03-08T21:26:23","modified_gmt":"2023-03-08T21:26:23","slug":"claire-sertznig-dei-nei-dp-conseillere-am-maacher-gemengerot","status":"publish","type":"post","link":"https:\/\/www.dp.lu\/maacher\/claire-sertznig-dei-nei-dp-conseillere-am-maacher-gemengerot\/","title":{"rendered":"Claire Sertznig, d\u00e9i nei DP-Conseill\u00e8re am Maacher Gemengerot."},"content":{"rendered":"\n<p>D\u2019Duechter vun hirem Virg\u00e4nger Ren\u00e9 Sertznig huet vun doheem aus fr\u00e9i Kontakt mat der Politik gehat. Dofir ass et kee Wonner, datt d\u2019Claire sech fir d\u2019\u00e9ischt an der JDL an dono an der Gemengepolitik engag\u00e9iert huet.<\/p>\n\n\n\n<p>Bei de leschte Gemengewalen ass hatt direkt als 4. op der DP-L\u00ebscht gewielt ginn an huet elo also d\u2019Successioun vu sengem Papp iwwerholl.<\/p>\n\n\n\n<p>D\u2019Claire huet 27 Joer an huet <em>internationale<\/em> <em>Weinwirtschaft<\/em> op der Universit\u00e4t Geisenheim stud\u00e9iert. Hatt schafft am <em>Institut Viti Vinicole<\/em> als <em>Gestionnaire de Projets<\/em> fir Marketing &amp; Kommunikatioun.<\/p>\n\n\n\n<div class=\"wp-block-columns is-layout-flex wp-container-core-columns-is-layout-28f84493 wp-block-columns-is-layout-flex\">\n<div class=\"wp-block-column is-layout-flow wp-block-column-is-layout-flow\" style=\"flex-basis:33.33%\">\n<blockquote class=\"wp-block-quote is-layout-flow wp-block-quote-is-layout-flow\">\n<p><strong>\u201c\u00c9ierlechkeet an Zouferl\u00e4ssegkeet si fir mech essentiell Eegenschaften: Am Liewen an an der Politik\u201d<\/strong><\/p>\n<\/blockquote>\n<\/div>\n\n\n\n<div class=\"wp-block-column is-layout-flow wp-block-column-is-layout-flow\" style=\"flex-basis:66.66%\">\n<p>Wat ass wichteg am Liewen an an der Politik fir d\u2019Claire Sertznig? Wat si seng politesch Schw\u00e9ierpunkte fir d\u2018Zukunft? Wat ass d\u2019Entw\u00e9cklungspotenzial vun der Maacher Gemeng? Doriwwer hu mir mam Claire Sertznig geschwat.<\/p>\n\n\n\n<p><em>Claire, wat ass fir dech wichteg an der Politik an an dengem&nbsp;pers\u00e9inleche Liewen?<\/em><\/p>\n<\/div>\n<\/div>\n\n\n\n<p>Politik muss praktesch a liewensno L\u00e9isunge fir d\u2019Bed\u00fcrfnisser an d\u2019Uleies vun de Bierger fannen. L\u00e9isungen, d\u00e9i novollz\u00e9ibar&nbsp;sinn. Aaner Komponente&nbsp;sinn Equippegeescht, grad ew\u00e9i \u00c9ierlechkeet an Zouverl\u00e4ssegkeet. Dat si fir mech essentiell Eegenschaften: am Liewen an an der Politik.<\/p>\n\n\n\n<p><em>Wat sinn deng politesch Schw\u00e9ierpunkte fir d\u2019Zukunft?<\/em><\/p>\n\n\n\n<div class=\"wp-block-columns is-layout-flex wp-container-core-columns-is-layout-28f84493 wp-block-columns-is-layout-flex\">\n<div class=\"wp-block-column is-layout-flow wp-block-column-is-layout-flow\" style=\"flex-basis:66.66%\">\n<p>Mir brauche virum allem eng kloer Priorit\u00e9itel\u00ebscht an der Gemeng. D\u2019Majorit\u00e9it st\u00ebmmt dacks gr\u00e9isser Projeten, d\u00e9i awer net bis zum Schluss duerchgeplangt sinn. Dow\u00e9inst k\u00ebnnt et des \u00cbfteren&nbsp;zu zous\u00e4tzleche K\u00e4schten. Oder et ginn aner&nbsp;Projeten decid\u00e9iert, d\u00e9i net an enger laangfristeger Strategie virgesi waren, an d\u00e9i domat&nbsp;wichteg Projeten, w\u00e9i d\u2019Gestaltung vun der Maartplaz, onn\u00e9ideg no hanne r\u00e9ckelen.<\/p>\n\n\n\n<p>Ee gutt Beispill fir eng feelend Strategie ass den \u00ebnnerierdesche Parking vum neie Kulturzentrum \u2013 eng laang Fuerderung vun der Maacher DP.\u00a0<\/p>\n<\/div>\n\n\n\n<div class=\"wp-block-column is-layout-flow wp-block-column-is-layout-flow\" style=\"flex-basis:33.33%\">\n<figure class=\"wp-block-image size-full\"><img fetchpriority=\"high\" decoding=\"async\" width=\"1024\" height=\"683\" src=\"https:\/\/www.dp.lu\/maacher\/wp-content\/uploads\/sites\/41\/2023\/03\/08-1024x683-1.jpg\" alt=\"\" class=\"wp-image-819\" srcset=\"https:\/\/www.dp.lu\/maacher\/wp-content\/uploads\/sites\/41\/2023\/03\/08-1024x683-1.jpg 1024w, https:\/\/www.dp.lu\/maacher\/wp-content\/uploads\/sites\/41\/2023\/03\/08-1024x683-1-300x200.jpg 300w, https:\/\/www.dp.lu\/maacher\/wp-content\/uploads\/sites\/41\/2023\/03\/08-1024x683-1-768x512.jpg 768w\" sizes=\"(max-width: 1024px) 100vw, 1024px\" \/><\/figure>\n<\/div>\n<\/div>\n\n\n\n<p>Bei deem Projet suergen elo nodr\u00e9iglech \u00c4nnerunge vun de Pl\u00e4ng fir\u00a0Retard an zous\u00e4tzlech K\u00e4schten. \u00a0<\/p>\n\n\n\n<p><em>W\u00e9i ee Potential ges\u00e4is du fir d\u2019Zukunft vu&nbsp;Maacher?<\/em><\/p>\n\n\n\n<p>Mir sinn eng jonk, dynamesch Gemeng, d\u00e9i awer eng nei, zukunftsorient\u00e9iert Politik brauch. An eiser W\u00e4ig\u00e9igend \u2013 matten an de W\u00e9ngerten \u2013 denken ech och do besonnesch un d\u2019Entw\u00e9cklung vum Oeno-Tourismus: Mat lokalen a regionale Parcoursen, an deenen d\u2019Landschaft, de W\u00e4in, de W\u00ebnzer an d\u2019Restauratioun mat all hire&nbsp;Spezifizit\u00e9iten am M\u00ebttelpunkt stinn. Dat ass en nohaltegen&nbsp;Tourismus, dee positiv Auswierkungen op d\u2019Liewensqualit\u00e9it vun de Bierger an op eng grouss Unzuel vu Betriber a Sekteren huet, d.h. deen d\u00e9i regional Ekonomie st\u00e4erkt.<\/p>\n\n\n\n<p>Ech denken och un eng m\u00e9iglech Fusioun mat anere Gemengen, un eng besserer Vernetzung vum \u00ebffentlechen Transport an un abordabele Wunnraum, fir datt besonnesch d\u00e9i mi jonk Leit k\u00ebnnen zu Maacher bleiwen an net mussen an D\u00e4itschland wunne goen.<\/p>\n","protected":false},"excerpt":{"rendered":"<p>Bei de leschte Gemengewalen ass hatt direkt als 4. op der DP-L\u00ebscht gewielt ginn an huet elo also d\u2019Successioun vu sengem Papp iwwerholl.<\/p>\n","protected":false},"author":396,"featured_media":816,"comment_status":"closed","ping_status":"closed","sticky":false,"template":"","format":"standard","meta":{"footnotes":""},"categories":[1],"tags":[23,20],"class_list":["post-813","post","type-post","status-publish","format-standard","has-post-thumbnail","hentry","category-news","tag-claire-sertznig","tag-gemeenerot","wpbf-post"],"_links":{"self":[{"href":"https:\/\/www.dp.lu\/maacher\/wp-json\/wp\/v2\/posts\/813","targetHints":{"allow":["GET"]}}],"collection":[{"href":"https:\/\/www.dp.lu\/maacher\/wp-json\/wp\/v2\/posts"}],"about":[{"href":"https:\/\/www.dp.lu\/maacher\/wp-json\/wp\/v2\/types\/post"}],"author":[{"embeddable":true,"href":"https:\/\/www.dp.lu\/maacher\/wp-json\/wp\/v2\/users\/396"}],"replies":[{"embeddable":true,"href":"https:\/\/www.dp.lu\/maacher\/wp-json\/wp\/v2\/comments?post=813"}],"version-history":[{"count":8,"href":"https:\/\/www.dp.lu\/maacher\/wp-json\/wp\/v2\/posts\/813\/revisions"}],"predecessor-version":[{"id":826,"href":"https:\/\/www.dp.lu\/maacher\/wp-json\/wp\/v2\/posts\/813\/revisions\/826"}],"wp:featuredmedia":[{"embeddable":true,"href":"https:\/\/www.dp.lu\/maacher\/wp-json\/wp\/v2\/media\/816"}],"wp:attachment":[{"href":"https:\/\/www.dp.lu\/maacher\/wp-json\/wp\/v2\/media?parent=813"}],"wp:term":[{"taxonomy":"category","embeddable":true,"href":"https:\/\/www.dp.lu\/maacher\/wp-json\/wp\/v2\/categories?post=813"},{"taxonomy":"post_tag","embeddable":true,"href":"https:\/\/www.dp.lu\/maacher\/wp-json\/wp\/v2\/tags?post=813"}],"curies":[{"name":"wp","href":"https:\/\/api.w.org\/{rel}","templated":true}]}}