{"id":1292,"date":"2023-02-05T09:30:00","date_gmt":"2023-02-05T09:30:00","guid":{"rendered":"https:\/\/www.dp.lu\/mamer\/dp-mamer-deux-tetes-de-liste-pour-les-elections-communales\/"},"modified":"2023-02-05T10:25:33","modified_gmt":"2023-02-05T10:25:33","slug":"dp-mamer-deux-tetes-de-liste-pour-les-elections-communales","status":"publish","type":"post","link":"https:\/\/www.dp.lu\/mamer\/dp-mamer-deux-tetes-de-liste-pour-les-elections-communales\/?lang=fr","title":{"rendered":"DP Mamer : deux t\u00eates de liste pour les \u00e9lections communales"},"content":{"rendered":"\n<p><strong>Jessica Klopp<\/strong>, secr\u00e9taire de section de longue date et tr\u00e8s engag\u00e9e dans la vie associative et <strong>Sven Bindels<\/strong>, le pr\u00e9sident de section de longue date et conseiller communal, m\u00e8neront la liste DP ensemble dans la campagne pour les \u00e9lections communales du 11 juin.<\/p>\n\n<p>Cette d\u00e9cision a \u00e9t\u00e9 prise \u00e0 l\u2019unanimit\u00e9 lors de la plus r\u00e9cente r\u00e9union du Comit\u00e9 du DP Mamer. <strong>Le DP Mamer consid\u00e8re salue en son sein de toutes les personnes s\u2019identifiant avec les valeurs du Parti D\u00e9mocratique, ind\u00e9pendamment du sexe et de l\u2019orientation sexuelle de ces personnes, de les int\u00e9grer dans le travail politique et de leur confier des responsabilit\u00e9s le plus rapidement possible.<\/strong><\/p>\n\n<p><strong>Il est partant aussi important pour le DP Mamer de renforcer la participation des femmes aux d\u00e9cisions politiques et d\u2019\u0153uvrer \u00e0 ce qu\u2019elles soient en toutes circonstances sur un pied d\u2019\u00e9galit\u00e9 avec les hommes.<\/strong> S\u2019il n\u2019a pas r\u00e9ussi \u00e0 pr\u00e9senter une liste paritaire pour les \u00e9lections communales, malgr\u00e9 des efforts consid\u00e9rables pour y arriver, le DP Mamer peut compter sur quatre candidates exp\u00e9riment\u00e9es et tr\u00e8s engag\u00e9es : Graziella Di Fabio, Marie Kirch, Jessica Klopp et Sylvie Zangerl\u00e9 \u00e9pouse Klopp. . Qui plus est, le DP Mamer peut compter dans les instances communales sur des membres tr\u00e8s comp\u00e9tentes comme leur vice-pr\u00e9sidente Sonja Schintgen.<\/p>\n\n<p>Le DP Mamer continuer d\u2019\u0153uvrer pour convaincre davantage de femmes \u00e0 s\u2019engager dans la politique et \u00e0 promouvoir la pr\u00e9sence de femmes dans les comit\u00e9s et commissions.<\/p>\n\n<p>Si vous \u00eates int\u00e9ress\u00e9.e \u00e0 nous rejoindre, contactez-nous simplement par e-mail : <a href=\"mailto:mamer@dp.lu\">mamer@dp.lu<\/a><\/p>\n\n<p><a href=\"https:\/\/www.dp.lu\/mamer\/nos-candidat-e-s\/?lang=fr\">Cliquez sur ce lien pour retrouver de plus amples informations sur les candidats du DP Mamer pour les \u00e9lections communales de 2023.<\/a><\/p>\n","protected":false},"excerpt":{"rendered":"<p>Jessica Klopp, secr\u00e9taire de section de longue date et tr\u00e8s engag\u00e9e dans la vie associative et Sven Bindels, le pr\u00e9sident de section de longue date et conseiller communal, m\u00e8neront la liste DP ensemble dans la campagne pour les \u00e9lections communales du 11 juin.<\/p>\n","protected":false},"author":376,"featured_media":1279,"comment_status":"closed","ping_status":"closed","sticky":false,"template":"","format":"standard","meta":{"footnotes":""},"categories":[41],"tags":[],"class_list":["post-1292","post","type-post","status-publish","format-standard","has-post-thumbnail","hentry","category-news-fr","wpbf-post"],"_links":{"self":[{"href":"https:\/\/www.dp.lu\/mamer\/wp-json\/wp\/v2\/posts\/1292","targetHints":{"allow":["GET"]}}],"collection":[{"href":"https:\/\/www.dp.lu\/mamer\/wp-json\/wp\/v2\/posts"}],"about":[{"href":"https:\/\/www.dp.lu\/mamer\/wp-json\/wp\/v2\/types\/post"}],"author":[{"embeddable":true,"href":"https:\/\/www.dp.lu\/mamer\/wp-json\/wp\/v2\/users\/376"}],"replies":[{"embeddable":true,"href":"https:\/\/www.dp.lu\/mamer\/wp-json\/wp\/v2\/comments?post=1292"}],"version-history":[{"count":2,"href":"https:\/\/www.dp.lu\/mamer\/wp-json\/wp\/v2\/posts\/1292\/revisions"}],"predecessor-version":[{"id":1312,"href":"https:\/\/www.dp.lu\/mamer\/wp-json\/wp\/v2\/posts\/1292\/revisions\/1312"}],"wp:featuredmedia":[{"embeddable":true,"href":"https:\/\/www.dp.lu\/mamer\/wp-json\/wp\/v2\/media\/1279"}],"wp:attachment":[{"href":"https:\/\/www.dp.lu\/mamer\/wp-json\/wp\/v2\/media?parent=1292"}],"wp:term":[{"taxonomy":"category","embeddable":true,"href":"https:\/\/www.dp.lu\/mamer\/wp-json\/wp\/v2\/categories?post=1292"},{"taxonomy":"post_tag","embeddable":true,"href":"https:\/\/www.dp.lu\/mamer\/wp-json\/wp\/v2\/tags?post=1292"}],"curies":[{"name":"wp","href":"https:\/\/api.w.org\/{rel}","templated":true}]}}