{"id":1487,"date":"2023-03-30T10:58:09","date_gmt":"2023-03-30T10:58:09","guid":{"rendered":"https:\/\/www.dp.lu\/mamer\/?p=1487"},"modified":"2023-03-30T11:05:02","modified_gmt":"2023-03-30T11:05:02","slug":"la-liste-du-dp-a-ete-deposee","status":"publish","type":"post","link":"https:\/\/www.dp.lu\/mamer\/la-liste-du-dp-a-ete-deposee\/?lang=fr","title":{"rendered":"La liste du DP a \u00e9t\u00e9 d\u00e9pos\u00e9e"},"content":{"rendered":"\n<p>Le 29 mars, une d\u00e9l\u00e9gation du DP Mamer, men\u00e9e par les t\u00eates de liste Sven Bindels et Jessica Klopp, a depose la liste des candidates et candidats du DP Mamer pour les \u00e9lections communales 2023 \u00e0 l\u2019administration communale. Sur la liste figurant 15 candidates et candidats hypermotiv\u00e9s et pr\u00eat.e.s \u00e0 prendre leur responsabilit\u00e9 pour l\u2019avenir de Mamer dans l\u2019int\u00e9r\u00eat de toutes les citoyennes et citoyens et avec eux. Retrouvez plus d\u2019informations sur les candidates et candidats du Parti D\u00e9mocratique <a href=\"https:\/\/www.dp.lu\/mamer\/nos-candidat-e-s\/?lang=fr\">ici<\/a>. <\/p>\n","protected":false},"excerpt":{"rendered":"<p>Le 29 mars, une d\u00e9l\u00e9gation du DP Mamer, men\u00e9e par les t\u00eates de liste Sven Bindels et Jessica Klopp, a depose la liste des candidates et candidats du DP Mamer pour les \u00e9lections communales 2023 \u00e0 l\u2019administration communale.<\/p>\n","protected":false},"author":376,"featured_media":1485,"comment_status":"closed","ping_status":"closed","sticky":false,"template":"","format":"standard","meta":{"footnotes":""},"categories":[41],"tags":[],"class_list":["post-1487","post","type-post","status-publish","format-standard","has-post-thumbnail","hentry","category-news-fr","wpbf-post"],"_links":{"self":[{"href":"https:\/\/www.dp.lu\/mamer\/wp-json\/wp\/v2\/posts\/1487","targetHints":{"allow":["GET"]}}],"collection":[{"href":"https:\/\/www.dp.lu\/mamer\/wp-json\/wp\/v2\/posts"}],"about":[{"href":"https:\/\/www.dp.lu\/mamer\/wp-json\/wp\/v2\/types\/post"}],"author":[{"embeddable":true,"href":"https:\/\/www.dp.lu\/mamer\/wp-json\/wp\/v2\/users\/376"}],"replies":[{"embeddable":true,"href":"https:\/\/www.dp.lu\/mamer\/wp-json\/wp\/v2\/comments?post=1487"}],"version-history":[{"count":2,"href":"https:\/\/www.dp.lu\/mamer\/wp-json\/wp\/v2\/posts\/1487\/revisions"}],"predecessor-version":[{"id":1493,"href":"https:\/\/www.dp.lu\/mamer\/wp-json\/wp\/v2\/posts\/1487\/revisions\/1493"}],"wp:featuredmedia":[{"embeddable":true,"href":"https:\/\/www.dp.lu\/mamer\/wp-json\/wp\/v2\/media\/1485"}],"wp:attachment":[{"href":"https:\/\/www.dp.lu\/mamer\/wp-json\/wp\/v2\/media?parent=1487"}],"wp:term":[{"taxonomy":"category","embeddable":true,"href":"https:\/\/www.dp.lu\/mamer\/wp-json\/wp\/v2\/categories?post=1487"},{"taxonomy":"post_tag","embeddable":true,"href":"https:\/\/www.dp.lu\/mamer\/wp-json\/wp\/v2\/tags?post=1487"}],"curies":[{"name":"wp","href":"https:\/\/api.w.org\/{rel}","templated":true}]}}