{"id":3092,"date":"2024-02-13T20:42:15","date_gmt":"2024-02-13T20:42:15","guid":{"rendered":"https:\/\/www.dp.lu\/mamer\/une-section-dynamique-pleine-didees\/"},"modified":"2024-02-15T20:00:31","modified_gmt":"2024-02-15T20:00:31","slug":"une-section-dynamique-pleine-didees","status":"publish","type":"post","link":"https:\/\/www.dp.lu\/mamer\/une-section-dynamique-pleine-didees\/?lang=fr","title":{"rendered":"Une section dynamique pleine d\u2019id\u00e9es"},"content":{"rendered":"\n<p><strong>Le DP Gemeng Mamer a tenu son assembl\u00e9e g\u00e9n\u00e9rale 2024<\/strong><\/p>\n\n<p>Une chouette soir\u00e9e avec de nombreux invit\u00e9s, des discours inspirants et des id\u00e9es cr\u00e9atives pour Mamer : le r\u00e9sum\u00e9 de l\u2019assembl\u00e9e g\u00e9n\u00e9rale du DP Gemeng Mamer qui s\u2019est tenue le 9 f\u00e9vrier 2024 au Centre Culturel de Holzem.<\/p>\n\n<figure class=\"wp-block-image size-large\"><img fetchpriority=\"high\" decoding=\"async\" width=\"1024\" height=\"768\" src=\"https:\/\/www.dp.lu\/mamer\/wp-content\/uploads\/sites\/20\/2024\/02\/AG-2024-4-1024x768.jpg\" alt=\"\" class=\"wp-image-3066\" srcset=\"https:\/\/www.dp.lu\/mamer\/wp-content\/uploads\/sites\/20\/2024\/02\/AG-2024-4-1024x768.jpg 1024w, https:\/\/www.dp.lu\/mamer\/wp-content\/uploads\/sites\/20\/2024\/02\/AG-2024-4-300x225.jpg 300w, https:\/\/www.dp.lu\/mamer\/wp-content\/uploads\/sites\/20\/2024\/02\/AG-2024-4-768x576.jpg 768w, https:\/\/www.dp.lu\/mamer\/wp-content\/uploads\/sites\/20\/2024\/02\/AG-2024-4-1536x1152.jpg 1536w, https:\/\/www.dp.lu\/mamer\/wp-content\/uploads\/sites\/20\/2024\/02\/AG-2024-4-2048x1536.jpg 2048w\" sizes=\"(max-width: 1024px) 100vw, 1024px\" \/><figcaption class=\"wp-element-caption\">De nombreux membres DP de Mamer, mais aussi de Kehlen, Steinfort, Leudelange, P\u00e9tange et Esch-sur-Alzette avaient trouv\u00e9 le chemin de Holzem. Parmi eux, la d\u00e9put\u00e9e Mandy Minella, Daliah Scholl, pr\u00e9sidente de la circonscription Sud du DP, le pr\u00e9sident du JDL et bourgmestre de Leudelange, Lou Linster et Steven Milbert, pr\u00e9sident du JDL-Sud Photo : DP Gemeng Mamer<\/figcaption><\/figure>\n\n<p>En plus d\u2019une r\u00e9trospective sur une ann\u00e9e \u00e9lectorale 2023 intensive et couronn\u00e9e de succ\u00e8s \u2013 des \u00e9lections communales ont eu lieu en juin, tandis que les \u00e9lections l\u00e9gislatives se sont d\u00e9roul\u00e9es en octobre \u2013 une ann\u00e9e 2024 riche en travail a \u00e9t\u00e9 mise en perspective. L\u2019ann\u00e9e en cours est elle aussi marqu\u00e9e par une \u00e9lection : l\u2019\u00e9lection des repr\u00e9sentants luxembourgeois au Parlement europ\u00e9en le 9 juin 2024.<\/p>\n\n<p>Sur le plan local, le DP Gemeng Mamer travaille plein d\u2019entrain sur la mise en pratique de ses id\u00e9es en faveur d\u2019une commune innovante, moderne et attractive dans laquelle la coh\u00e9sion sociale est une priorit\u00e9. Ces objectifs ne gouvernent pas seulement l\u2019action de nos deux membres au conseil communal, Jessica Klopp et Sven Bindels, mais aussi celle des membres DP des commissions consultatives communales.<\/p>\n\n<p>Le DP Gemeng Mamer entame l\u2018ann\u00e9e 2024 avec beaucoup d\u2019entrain et en toute confiance \u2013 et avec de solides r\u00e9serves financi\u00e8res.<\/p>\n\n<figure class=\"wp-block-image size-large\"><img decoding=\"async\" width=\"1024\" height=\"506\" src=\"https:\/\/www.dp.lu\/mamer\/wp-content\/uploads\/sites\/20\/2024\/02\/AG-2024-collage-1024x506.jpg\" alt=\"\" class=\"wp-image-3075\" srcset=\"https:\/\/www.dp.lu\/mamer\/wp-content\/uploads\/sites\/20\/2024\/02\/AG-2024-collage-1024x506.jpg 1024w, https:\/\/www.dp.lu\/mamer\/wp-content\/uploads\/sites\/20\/2024\/02\/AG-2024-collage-300x148.jpg 300w, https:\/\/www.dp.lu\/mamer\/wp-content\/uploads\/sites\/20\/2024\/02\/AG-2024-collage-768x379.jpg 768w, https:\/\/www.dp.lu\/mamer\/wp-content\/uploads\/sites\/20\/2024\/02\/AG-2024-collage.jpg 1170w\" sizes=\"(max-width: 1024px) 100vw, 1024px\" \/><\/figure>\n\n<p>Vous voulez participer au DP Gemeng Mamer ? Alors contactez-nous simplement par <a href=\"https:\/\/www.dp.lu\/mamer\/kontakt\/?lang=fr\" data-type=\"link\" data-id=\"https:\/\/www.dp.lu\/mamer\/kontakt\/\">ce formulaire<\/a> ou approchez simplement nos repr\u00e9sentants lors des manifestations dans la commune !Une section dynamique pleine d\u2019id\u00e9es<\/p>\n\n<figure class=\"wp-block-gallery has-nested-images columns-default is-cropped wp-block-gallery-1 is-layout-flex wp-block-gallery-is-layout-flex\">\n<figure class=\"wp-block-image size-large\"><img decoding=\"async\" width=\"1024\" height=\"536\" data-id=\"3060\" src=\"https:\/\/www.dp.lu\/mamer\/wp-content\/uploads\/sites\/20\/2024\/02\/AG-2024-2-1024x536.jpg\" alt=\"\" class=\"wp-image-3060\" srcset=\"https:\/\/www.dp.lu\/mamer\/wp-content\/uploads\/sites\/20\/2024\/02\/AG-2024-2-1024x536.jpg 1024w, https:\/\/www.dp.lu\/mamer\/wp-content\/uploads\/sites\/20\/2024\/02\/AG-2024-2-300x157.jpg 300w, https:\/\/www.dp.lu\/mamer\/wp-content\/uploads\/sites\/20\/2024\/02\/AG-2024-2-768x402.jpg 768w, https:\/\/www.dp.lu\/mamer\/wp-content\/uploads\/sites\/20\/2024\/02\/AG-2024-2-1536x803.jpg 1536w, https:\/\/www.dp.lu\/mamer\/wp-content\/uploads\/sites\/20\/2024\/02\/AG-2024-2-2048x1071.jpg 2048w\" sizes=\"(max-width: 1024px) 100vw, 1024px\" \/><figcaption class=\"wp-element-caption\">Le pr\u00e9sident, la secr\u00e9taire, le secr\u00e9taire adjoint et le tr\u00e9sorier ont conduit la soir\u00e9e<\/figcaption><\/figure>\n\n\n\n<figure class=\"wp-block-image size-large\"><img loading=\"lazy\" decoding=\"async\" width=\"1024\" height=\"573\" data-id=\"3063\" src=\"https:\/\/www.dp.lu\/mamer\/wp-content\/uploads\/sites\/20\/2024\/02\/AG-2024-3-1024x573.jpg\" alt=\"\" class=\"wp-image-3063\" srcset=\"https:\/\/www.dp.lu\/mamer\/wp-content\/uploads\/sites\/20\/2024\/02\/AG-2024-3-1024x573.jpg 1024w, https:\/\/www.dp.lu\/mamer\/wp-content\/uploads\/sites\/20\/2024\/02\/AG-2024-3-300x168.jpg 300w, https:\/\/www.dp.lu\/mamer\/wp-content\/uploads\/sites\/20\/2024\/02\/AG-2024-3-768x430.jpg 768w, https:\/\/www.dp.lu\/mamer\/wp-content\/uploads\/sites\/20\/2024\/02\/AG-2024-3-1536x860.jpg 1536w, https:\/\/www.dp.lu\/mamer\/wp-content\/uploads\/sites\/20\/2024\/02\/AG-2024-3-2048x1146.jpg 2048w\" sizes=\"(max-width: 1024px) 100vw, 1024px\" \/><figcaption class=\"wp-element-caption\">De nombreux amis d&#8217;autres communes \u00e9taient \u00e9galement de la partie<\/figcaption><\/figure>\n\n\n\n<figure class=\"wp-block-image size-large\"><img loading=\"lazy\" decoding=\"async\" width=\"1024\" height=\"756\" data-id=\"3069\" src=\"https:\/\/www.dp.lu\/mamer\/wp-content\/uploads\/sites\/20\/2024\/02\/AG-2024-5-1024x756.jpg\" alt=\"\" class=\"wp-image-3069\" srcset=\"https:\/\/www.dp.lu\/mamer\/wp-content\/uploads\/sites\/20\/2024\/02\/AG-2024-5-1024x756.jpg 1024w, https:\/\/www.dp.lu\/mamer\/wp-content\/uploads\/sites\/20\/2024\/02\/AG-2024-5-300x222.jpg 300w, https:\/\/www.dp.lu\/mamer\/wp-content\/uploads\/sites\/20\/2024\/02\/AG-2024-5-768x567.jpg 768w, https:\/\/www.dp.lu\/mamer\/wp-content\/uploads\/sites\/20\/2024\/02\/AG-2024-5-1536x1135.jpg 1536w, https:\/\/www.dp.lu\/mamer\/wp-content\/uploads\/sites\/20\/2024\/02\/AG-2024-5-2048x1513.jpg 2048w\" sizes=\"(max-width: 1024px) 100vw, 1024px\" \/><figcaption class=\"wp-element-caption\">Un beau d\u00eener apr\u00e8s l&#8217;assembl\u00e9e g\u00e9n\u00e9rale<\/figcaption><\/figure>\n\n\n\n<figure class=\"wp-block-image size-large\"><img loading=\"lazy\" decoding=\"async\" width=\"1024\" height=\"668\" data-id=\"3072\" src=\"https:\/\/www.dp.lu\/mamer\/wp-content\/uploads\/sites\/20\/2024\/02\/AG-2024-6-1024x668.jpg\" alt=\"\" class=\"wp-image-3072\" srcset=\"https:\/\/www.dp.lu\/mamer\/wp-content\/uploads\/sites\/20\/2024\/02\/AG-2024-6-1024x668.jpg 1024w, https:\/\/www.dp.lu\/mamer\/wp-content\/uploads\/sites\/20\/2024\/02\/AG-2024-6-300x196.jpg 300w, https:\/\/www.dp.lu\/mamer\/wp-content\/uploads\/sites\/20\/2024\/02\/AG-2024-6-768x501.jpg 768w, https:\/\/www.dp.lu\/mamer\/wp-content\/uploads\/sites\/20\/2024\/02\/AG-2024-6-1536x1002.jpg 1536w, https:\/\/www.dp.lu\/mamer\/wp-content\/uploads\/sites\/20\/2024\/02\/AG-2024-6-2048x1336.jpg 2048w\" sizes=\"(max-width: 1024px) 100vw, 1024px\" \/><figcaption class=\"wp-element-caption\">Le tandem au conseil communal se r\u00e9jouit de la participation \u00e0 l&#8217;assembl\u00e9e<\/figcaption><\/figure>\n\n\n\n<figure class=\"wp-block-image size-large\"><img loading=\"lazy\" decoding=\"async\" width=\"1024\" height=\"640\" data-id=\"3080\" src=\"https:\/\/www.dp.lu\/mamer\/wp-content\/uploads\/sites\/20\/2024\/02\/AG-2024-12-1024x640.jpg\" alt=\"\" class=\"wp-image-3080\" srcset=\"https:\/\/www.dp.lu\/mamer\/wp-content\/uploads\/sites\/20\/2024\/02\/AG-2024-12-1024x640.jpg 1024w, https:\/\/www.dp.lu\/mamer\/wp-content\/uploads\/sites\/20\/2024\/02\/AG-2024-12-300x188.jpg 300w, https:\/\/www.dp.lu\/mamer\/wp-content\/uploads\/sites\/20\/2024\/02\/AG-2024-12-768x480.jpg 768w, https:\/\/www.dp.lu\/mamer\/wp-content\/uploads\/sites\/20\/2024\/02\/AG-2024-12-1536x960.jpg 1536w, https:\/\/www.dp.lu\/mamer\/wp-content\/uploads\/sites\/20\/2024\/02\/AG-2024-12.jpg 1600w\" sizes=\"(max-width: 1024px) 100vw, 1024px\" \/><\/figure>\n\n\n\n<figure class=\"wp-block-image size-large\"><img loading=\"lazy\" decoding=\"async\" width=\"1024\" height=\"576\" data-id=\"3086\" src=\"https:\/\/www.dp.lu\/mamer\/wp-content\/uploads\/sites\/20\/2024\/02\/AG-2024-14-1024x576.jpg\" alt=\"\" class=\"wp-image-3086\" srcset=\"https:\/\/www.dp.lu\/mamer\/wp-content\/uploads\/sites\/20\/2024\/02\/AG-2024-14-1024x576.jpg 1024w, https:\/\/www.dp.lu\/mamer\/wp-content\/uploads\/sites\/20\/2024\/02\/AG-2024-14-300x169.jpg 300w, https:\/\/www.dp.lu\/mamer\/wp-content\/uploads\/sites\/20\/2024\/02\/AG-2024-14-768x432.jpg 768w, https:\/\/www.dp.lu\/mamer\/wp-content\/uploads\/sites\/20\/2024\/02\/AG-2024-14-1536x864.jpg 1536w, https:\/\/www.dp.lu\/mamer\/wp-content\/uploads\/sites\/20\/2024\/02\/AG-2024-14-2048x1153.jpg 2048w\" sizes=\"(max-width: 1024px) 100vw, 1024px\" \/><\/figure>\n\n\n\n<figure class=\"wp-block-image size-large\"><img loading=\"lazy\" decoding=\"async\" width=\"1024\" height=\"722\" data-id=\"3083\" src=\"https:\/\/www.dp.lu\/mamer\/wp-content\/uploads\/sites\/20\/2024\/02\/AG-2024-13-1024x722.jpg\" alt=\"\" class=\"wp-image-3083\" srcset=\"https:\/\/www.dp.lu\/mamer\/wp-content\/uploads\/sites\/20\/2024\/02\/AG-2024-13-1024x722.jpg 1024w, https:\/\/www.dp.lu\/mamer\/wp-content\/uploads\/sites\/20\/2024\/02\/AG-2024-13-300x211.jpg 300w, https:\/\/www.dp.lu\/mamer\/wp-content\/uploads\/sites\/20\/2024\/02\/AG-2024-13-768x541.jpg 768w, https:\/\/www.dp.lu\/mamer\/wp-content\/uploads\/sites\/20\/2024\/02\/AG-2024-13-1536x1082.jpg 1536w, https:\/\/www.dp.lu\/mamer\/wp-content\/uploads\/sites\/20\/2024\/02\/AG-2024-13-2048x1443.jpg 2048w\" sizes=\"(max-width: 1024px) 100vw, 1024px\" \/><\/figure>\n<\/figure>\n","protected":false},"excerpt":{"rendered":"<p>Une chouette soir\u00e9e avec de nombreux invit\u00e9s, des discours inspirants et des id\u00e9es cr\u00e9atives pour Mamer : le r\u00e9sum\u00e9 de l\u2019assembl\u00e9e g\u00e9n\u00e9rale du DP Gemeng Mamer qui s\u2019est tenue le 9 f\u00e9vrier 2024 au Centre Culturel de Holzem.<\/p>\n","protected":false},"author":376,"featured_media":3059,"comment_status":"closed","ping_status":"closed","sticky":false,"template":"","format":"standard","meta":{"footnotes":""},"categories":[41],"tags":[],"class_list":["post-3092","post","type-post","status-publish","format-standard","has-post-thumbnail","hentry","category-news-fr","wpbf-post"],"_links":{"self":[{"href":"https:\/\/www.dp.lu\/mamer\/wp-json\/wp\/v2\/posts\/3092","targetHints":{"allow":["GET"]}}],"collection":[{"href":"https:\/\/www.dp.lu\/mamer\/wp-json\/wp\/v2\/posts"}],"about":[{"href":"https:\/\/www.dp.lu\/mamer\/wp-json\/wp\/v2\/types\/post"}],"author":[{"embeddable":true,"href":"https:\/\/www.dp.lu\/mamer\/wp-json\/wp\/v2\/users\/376"}],"replies":[{"embeddable":true,"href":"https:\/\/www.dp.lu\/mamer\/wp-json\/wp\/v2\/comments?post=3092"}],"version-history":[{"count":3,"href":"https:\/\/www.dp.lu\/mamer\/wp-json\/wp\/v2\/posts\/3092\/revisions"}],"predecessor-version":[{"id":3095,"href":"https:\/\/www.dp.lu\/mamer\/wp-json\/wp\/v2\/posts\/3092\/revisions\/3095"}],"wp:featuredmedia":[{"embeddable":true,"href":"https:\/\/www.dp.lu\/mamer\/wp-json\/wp\/v2\/media\/3059"}],"wp:attachment":[{"href":"https:\/\/www.dp.lu\/mamer\/wp-json\/wp\/v2\/media?parent=3092"}],"wp:term":[{"taxonomy":"category","embeddable":true,"href":"https:\/\/www.dp.lu\/mamer\/wp-json\/wp\/v2\/categories?post=3092"},{"taxonomy":"post_tag","embeddable":true,"href":"https:\/\/www.dp.lu\/mamer\/wp-json\/wp\/v2\/tags?post=3092"}],"curies":[{"name":"wp","href":"https:\/\/api.w.org\/{rel}","templated":true}]}}