{"id":257,"date":"2022-07-16T14:07:00","date_gmt":"2022-07-16T14:07:00","guid":{"rendered":"https:\/\/www.dp.lu\/miersch\/?p=257"},"modified":"2023-03-20T16:16:02","modified_gmt":"2023-03-20T16:16:02","slug":"newsletter-juli-2022","status":"publish","type":"post","link":"https:\/\/www.dp.lu\/miersch\/newsletter-juli-2022\/","title":{"rendered":"Newsletter Juli 2022"},"content":{"rendered":"\n<div class=\"wp-block-columns is-layout-flex wp-container-core-columns-is-layout-28f84493 wp-block-columns-is-layout-flex\">\n<div class=\"wp-block-column is-layout-flow wp-block-column-is-layout-flow\">\n<figure class=\"wp-block-image alignright size-full\"><a href=\"#LU\"><img decoding=\"async\" width=\"45\" height=\"30\" src=\"https:\/\/www.dp.lu\/miersch\/wp-content\/uploads\/sites\/45\/2022\/07\/flag_lu.jpg\" alt=\"\" class=\"wp-image-486\"\/><\/a><\/figure>\n<\/div>\n\n\n\n<div class=\"wp-block-column is-layout-flow wp-block-column-is-layout-flow\">\n<figure class=\"wp-block-image aligncenter size-full\"><a href=\"#FR\"><img decoding=\"async\" width=\"45\" height=\"30\" src=\"https:\/\/www.dp.lu\/miersch\/wp-content\/uploads\/sites\/45\/2022\/07\/flag_fr.jpg\" alt=\"\" class=\"wp-image-485\"\/><\/a><\/figure>\n<\/div>\n\n\n\n<div class=\"wp-block-column is-layout-flow wp-block-column-is-layout-flow\">\n<figure class=\"wp-block-image size-full\"><a href=\"#EN\"><img decoding=\"async\" width=\"45\" height=\"30\" src=\"https:\/\/www.dp.lu\/miersch\/wp-content\/uploads\/sites\/45\/2022\/07\/flag_uk.jpg\" alt=\"\" class=\"wp-image-488\"\/><\/a><\/figure>\n<\/div>\n<\/div>\n\n\n\n<div style=\"height:75px\" aria-hidden=\"true\" class=\"wp-block-spacer\"><\/div>\n\n\n<div class=\"_3d-flip-book  fb3d-fullscreen-mode full-size\" data-id=\"255\" data-mode=\"fullscreen\" data-title=\"false\" data-template=\"short-white-book-view\" data-lightbox=\"dark-shadow\" data-urlparam=\"fb3d-page\" data-page-n=\"0\" data-pdf=\"\" data-tax=\"null\" data-thumbnail=\"\" data-cols=\"3\" data-book-template=\"default\" data-trigger=\"\"><\/div><script type=\"text\/javascript\">window.FB3D_CLIENT_DATA = window.FB3D_CLIENT_DATA || [];FB3D_CLIENT_DATA.push('eyJwb3N0cyI6eyIyNTUiOnsiSUQiOjI1NSwidGl0bGUiOiJOZXdzbGV0dGVyIEp1bGkgMjAyMiIsInR5cGUiOiJwZGYiLCJyZWFkeV9mdW5jdGlvbiI6IiIsImJvb2tfc3R5bGUiOiJmbGF0IiwiYm9va190ZW1wbGF0ZSI6Im5vbmUiLCJvdXRsaW5lIjpbXSwiZGF0YSI6eyJwb3N0X0lEIjoiMjU2IiwiZ3VpZCI6Imh0dHBzOlwvXC93d3cuZHAubHVcL21pZXJzY2hcL3dwLWNvbnRlbnRcL3VwbG9hZHNcL3NpdGVzXC80NVwvMjAyM1wvMDNcL25ld3NsZXR0ZXItbWllcnNjaC1qdWxpMjIucGRmIiwicGRmX3BhZ2VzIjoiNCIsInBhZ2VzX2N1c3RvbWl6YXRpb24iOiJub25lIn0sInRodW1ibmFpbCI6eyJkYXRhIjp7InBvc3RfSUQiOiIwIn0sInR5cGUiOiJhdXRvIn0sInByb3BzIjp7ImJhY2tncm91bmRDb2xvciI6ImF1dG8iLCJiYWNrZ3JvdW5kSW1hZ2UiOiJhdXRvIiwiYmFja2dyb3VuZFN0eWxlIjoiYXV0byIsImhpZ2hsaWdodExpbmtzIjoiYXV0byIsImxpZ2h0aW5nIjoiYXV0byIsImNhY2hlZFBhZ2VzIjoiYXV0byIsInJlbmRlckluYWN0aXZlUGFnZXMiOiJhdXRvIiwicmVuZGVySW5hY3RpdmVQYWdlc09uTW9iaWxlIjoiYXV0byIsInJlbmRlcldoaWxlRmxpcHBpbmciOiJhdXRvIiwicHJlbG9hZFBhZ2VzIjoiYXV0byIsImF1dG9QbGF5RHVyYXRpb24iOiJhdXRvIiwicnRsIjoiYXV0byIsImludGVyYWN0aXZlQ29ybmVycyI6ImF1dG8iLCJtYXhEZXB0aCI6ImF1dG8iLCJzaGVldCI6eyJzdGFydFZlbG9jaXR5IjoiYXV0byIsIndhdmUiOiJhdXRvIiwic2hhcGUiOiJhdXRvIiwid2lkdGhUZXhlbHMiOiJhdXRvIiwiY29sb3IiOiJhdXRvIiwic2lkZSI6ImF1dG8iLCJjb3JuZXJEZXZpYXRpb24iOiJhdXRvIiwiZmxleGliaWxpdHkiOiJhdXRvIiwiZmxleGlibGVDb3JuZXIiOiJhdXRvIiwiYmVuZGluZyI6ImF1dG8iLCJoZWlnaHRUZXhlbHMiOiJhdXRvIn0sImNvdmVyIjp7IndhdmUiOiJhdXRvIiwiY29sb3IiOiJhdXRvIiwic2lkZSI6ImF1dG8iLCJiaW5kZXJUZXh0dXJlIjoiYXV0byIsImRlcHRoIjoiYXV0byIsInBhZGRpbmciOiJhdXRvIiwic3RhcnRWZWxvY2l0eSI6ImF1dG8iLCJmbGV4aWJpbGl0eSI6ImF1dG8iLCJmbGV4aWJsZUNvcm5lciI6ImF1dG8iLCJiZW5kaW5nIjoiYXV0byIsIndpZHRoVGV4ZWxzIjoiYXV0byIsImhlaWdodFRleGVscyI6ImF1dG8iLCJtYXNzIjoiYXV0byIsInNoYXBlIjoiYXV0byJ9LCJwYWdlIjp7IndhdmUiOiJhdXRvIiwiY29sb3IiOiJhdXRvIiwic2lkZSI6ImF1dG8iLCJkZXB0aCI6ImF1dG8iLCJzdGFydFZlbG9jaXR5IjoiYXV0byIsImZsZXhpYmlsaXR5IjoiYXV0byIsImZsZXhpYmxlQ29ybmVyIjoiYXV0byIsImJlbmRpbmciOiJhdXRvIiwid2lkdGhUZXhlbHMiOiJhdXRvIiwiaGVpZ2h0VGV4ZWxzIjoiYXV0byIsIm1hc3MiOiJhdXRvIiwic2hhcGUiOiJhdXRvIn0sImhlaWdodCI6ImF1dG8iLCJ3aWR0aCI6ImF1dG8iLCJncmF2aXR5IjoiYXV0byIsInBhZ2VzRm9yUHJlZGljdGluZyI6ImF1dG8ifSwiY29udHJvbFByb3BzIjp7ImFjdGlvbnMiOnsiY21kVG9jIjp7ImVuYWJsZWQiOiJhdXRvIiwiZW5hYmxlZEluTmFycm93IjoiYXV0byIsImFjdGl2ZSI6ImF1dG8iLCJkZWZhdWx0VGFiIjoiYXV0byJ9LCJjbWRBdXRvUGxheSI6eyJlbmFibGVkIjoiYXV0byIsImVuYWJsZWRJbk5hcnJvdyI6ImF1dG8iLCJhY3RpdmUiOiJhdXRvIn0sImNtZFNhdmUiOnsiZW5hYmxlZCI6ImF1dG8iLCJlbmFibGVkSW5OYXJyb3ciOiJhdXRvIn0sImNtZFByaW50Ijp7ImVuYWJsZWQiOiJhdXRvIiwiZW5hYmxlZEluTmFycm93IjoiYXV0byJ9LCJjbWRTaW5nbGVQYWdlIjp7ImVuYWJsZWQiOiJhdXRvIiwiZW5hYmxlZEluTmFycm93IjoiYXV0byIsImFjdGl2ZSI6ImF1dG8iLCJhY3RpdmVGb3JNb2JpbGUiOiJhdXRvIn0sIndpZFRvb2xiYXIiOnsiZW5hYmxlZCI6ImF1dG8iLCJlbmFibGVkSW5OYXJyb3ciOiJhdXRvIn19fSwiYXV0b1RodW1ibmFpbCI6Imh0dHBzOlwvXC93d3cuZHAubHVcL21pZXJzY2hcL3dwLWNvbnRlbnRcL3VwbG9hZHNcL3NpdGVzXC80NVwvM2QtZmxpcC1ib29rXC9hdXRvLXRodW1ibmFpbHNcLzI1NS5wbmciLCJwb3N0X25hbWUiOiJuZXdzbGV0dGVyLWp1bGktMjAyMiIsInBvc3RfdHlwZSI6IjNkLWZsaXAtYm9vayJ9fSwicGFnZXMiOltdLCJmaXJzdFBhZ2VzIjpbXX0=');window.FB3D_CLIENT_LOCALE && FB3D_CLIENT_LOCALE.render && FB3D_CLIENT_LOCALE.render();<\/script>\n\n\n\n<h1 class=\"wp-block-heading\" id=\"LU\"><strong>WAT MIR BIS ELO&nbsp;<\/strong><strong>\u00cbMGESAT HUNN&nbsp;<\/strong><\/h1>\n\n\n\n<p><strong>In der letzten Legislatur-Periode wurden zusammen mit der CSV u. a. folgende gr\u00f6ssere Projekte umgesetzt:<\/strong><\/p>\n\n\n\n<p>\u2713 Erneuerung der \u201eRue Grande-Duchesse Charlotte\u201c<\/p>\n\n\n\n<p>\u2713 Grundst\u00fccksk\u00e4ufe f\u00fcr insgesamt 19 Millionen \u20ac<\/p>\n\n\n\n<p>\u2713 In Zusammenarbeit mit der SNHBM Planung von kosteng\u00fcnstigen Wohnungen: 113 Wohnungen auf dem Gel\u00e4nde des \u201aAgrocenter\u2018, acht Wohnungen in Rollingen, Rue Belle- Vue und zw\u00f6lf Wohnungen in Mersch am Standort Druckerei Faber<\/p>\n\n\n\n<p>\u2713 Planung des neuen Schulcampus\u2019 am Standort der Albert Elsen-Schule, des Festsaales und der Pf\u00f6rtnerwohnung der Nik Welter-Schule und des Vereinsbau der \u201aOEuvres Paroissiales\u2018 mit insgesamt 26 Klasser\u00e4umen, Sporthalle, Schwimmbad, Pf\u00f6rtnerwohnung, und unterirdische Parkpl\u00e4tzen.<\/p>\n\n\n\n<p>\u2713 Bau des neuen Maison Relais Krounebierg mit 383 Pl\u00e4tzen neben der C\u00e9cile Ries-Schule im Haardterwee<\/p>\n\n\n\n<p>\u2713 Bau einer neuen Energiezentrale zur vorrangigen Verfeuerung von Holz aus heimischen W\u00e4ldern.<\/p>\n\n\n\n<p>\u2713 Erweiterung des Friedhofs in Mersch<\/p>\n\n\n\n<p>\u2713 Gemeinschaftsgarten in Mersch<\/p>\n\n\n\n<p>\u2713 Planung des Umbaus der Villa Faber in der \u201eRue des Pr\u00e9s\u201c zur Unterbringung des Mierscher Lieshaus, der Mierscher Geschichtsfr\u00ebnn und der Gemeinde- Archive<\/p>\n\n\n\n<p>\u2713 Planung und Grundst\u00fcckskauf f\u00fcr einen gro\u00dfen Sportkomplex auf dem Mierscherbierg<\/p>\n\n\n\n<p>\u2713 Ausbau der Sporthalle \u201eKrounebierg\u201c<\/p>\n\n\n\n<p>\u2713 Bau der \u201eBrasserie beim M\u00e9chel\u201c am \u201ePlace St- Michel\u201c<\/p>\n\n\n\n<p>\u2713 Schaffung des lokalen TV-Programms \u201eMiersch-TV\u201c<\/p>\n\n\n\n<p>\u2713 Erweiterung der kommunalen Aktivit\u00e4tszone Mierscherbierg (Planung und Grundst\u00fcckskauf)<\/p>\n\n\n\n<p>\u2713 Erschlie\u00dfung der interkommunalen Aktivit\u00e4tszone Mierscherbierg ZAMID (Planung und Grundst\u00fcckskauf)<\/p>\n\n\n\n<p>\u2713 Planung eines \u201eCentre de Conf\u00e9rence\u201c neben der Villa Faber als neuem Festsaal<\/p>\n\n\n\n<p>\u2713 Schaffung eines \u201eService d\u2019agents municipaux\/gardes champ\u00eatres\u201c unter Einbeziehung der Gemeinde Lintgen.<\/p>\n\n\n\n<p>\u2713 Schaffung eines \u201eService forestier\u201c<\/p>\n\n\n\n<p>\u2713 Schaffung eines \u201eService des \u00e9v\u00e9nements\u201c<\/p>\n\n\n\n<p>\u2713 Neuer Eingangsbereich f\u00fcr den Hauptturm des Merscher Schlosses<\/p>\n\n\n\n<h1 class=\"wp-block-heading\"><strong>Wat nach&nbsp;<\/strong><strong>geplangt ass&nbsp;<\/strong><\/h1>\n\n\n\n<p><strong>Projekte in mittel- und langfristiger Planung:<\/strong><\/p>\n\n\n\n<p>\u2713 Erweiterung des Parkplatzes in der \u201eRue Lohr\u201c<\/p>\n\n\n\n<p>\u2713 Neugestaltung der \u201eRue du Knapp\u201c in Moesdorf<\/p>\n\n\n\n<p>\u2713 Instandsetzung eines Teils der \u201eRue du Ch\u00e2teau\u201c in Pettingen<\/p>\n\n\n\n<p>\u2713 Instandsetzung der Stra\u00dfen im Quartier Mies in Mersch<\/p>\n\n\n\n<p>\u2713 Planung eines neuen Trinkwasserbeh\u00e4lter oberhalb der \u201eRue Hurkes\u201c in Beringen u.a. zur sp\u00e4teren Versorgung des neuen Viertels am Standort Agrocenter<\/p>\n\n\n\n<p>\u2713 Anlage eines \u201eB\u00ebschkierfecht\u201c<\/p>\n\n\n\n<p>\u2713 Neue Weihnachtsbeleuchtung<\/p>\n\n\n\n<p>\u2713 Umbau des fr\u00fcheren Feuerwehrger\u00e4tehauses in Moesdorf zur Schaffung eines Feuerwehr-Museums und eines Versammlungsraums mit ca. 60 Pl\u00e4tzen<\/p>\n\n\n\n<p>\u2713 Bau neuer Sanit\u00e4ranlagen und eines neuen Ausschanks im Merscher Park<\/p>\n\n\n\n<hr class=\"wp-block-separator has-text-color has-alpha-channel-opacity has-background is-style-wide\" style=\"background-color:#aab500;color:#aab500\"\/>\n\n\n\n<div style=\"height:100px\" aria-hidden=\"true\" class=\"wp-block-spacer\"><\/div>\n\n\n\n<h1 class=\"wp-block-heading\" id=\"FR\"><strong>Ce que nous avons r\u00e9alis\u00e9 jusqu&#8217;\u00e0 pr\u00e9sent<\/strong><\/h1>\n\n\n\n<p><strong>Au cours de la derni\u00e8re p\u00e9riode l\u00e9gislative entre autres les grands projets suivants ont \u00e9t\u00e9 r\u00e9alis\u00e9s ensemble avec le CSV :<\/strong><\/p>\n\n\n\n<p>Comme vous le savez certainement le bourgmestre de la commune de Mersch est issu de notre parti de fa\u00e7on ininterrompue depuis 2000.<\/p>\n\n\n\n<p>\u2713 R\u00e9am\u00e9nagement de la rue Grande-Duchesse Charlotte<\/p>\n\n\n\n<p>\u2713 Acquisition de terrains pour un total de 19 millions \u20ac<\/p>\n\n\n\n<p>\u2713 En collaboration avec la SNHBM, planification de logements \u00e0 co\u00fbt mod\u00e9r\u00e9 : 113 logements sur le site Agrocenter, 8 logements \u00e0 Rollingen, rue Belle-Vue et 12 logements \u00e0 Mersch, site de l&#8217;imprimerie Faber<\/p>\n\n\n\n<p>\u2713 Planification du nouveau campus scolaire sur le site de l&#8217;\u00e9cole Albert Elsen, de la salle des f\u00eates et du logement du concierge de l&#8217;\u00e9cole Nik Welter et du b\u00e2timent des \u0152uvres Paroissiales comprenant 26 salles de classe, une salle de sports, une piscine, un logement de concierge, un b\u00e2timent pour les \u0152uvres Paroissiales ainsi que des parkings souterrains<\/p>\n\n\n\n<p>\u2713 Construction de la nouvelle Maison Relais Krounebierg \u00e0 383 places \u00e0 c\u00f4t\u00e9 de l&#8217;\u00e9cole C\u00e9cile Ries au \u00ab Haardterwee \u00bb<\/p>\n\n\n\n<p>\u2713 Construction d&#8217;une nouvelle centrale \u00e9nerg\u00e9tique dans laquelle est utilis\u00e9 en priorit\u00e9 du bois provenant des for\u00eats locales<\/p>\n\n\n\n<p>\u2713 Extension du cimeti\u00e8re de Mersch<\/p>\n\n\n\n<p>\u2713 Am\u00e9nagement d&#8217;un jardin communautaire \u00e0 Mersch<\/p>\n\n\n\n<p>\u2713 Planification de la transformation de la Villa Faber dans la \u00ab Rue des Pr\u00e9s \u00bb en vue d\u2019y loger le Mierscher Lieshaus, les Mierscher Geschichtsfr\u00ebnn et les archives communales<\/p>\n\n\n\n<p>\u2713 Planification et achat de terrain pour le grand complexe sportif \u00e0 Mierscherbierg<\/p>\n\n\n\n<p>\u2713 Extension de la salle des sports \u00ab Krounebierg \u00bb<\/p>\n\n\n\n<p>\u2713 Construction de la \u00ab Brasserie beim M\u00e9chel \u00bb \u00e0 la Place St-Michel<\/p>\n\n\n\n<p>\u2713 Cr\u00e9ation de la cha\u00eene de t\u00e9l\u00e9vision locale \u00ab Miersch-TV \u00bb<\/p>\n\n\n\n<p>\u2713 Agrandissement de la zone d&#8217;activit\u00e9s communale au Mierscherbierg (planification et achat de terrain)<\/p>\n\n\n\n<p>\u2713 Am\u00e9nagement de la zone d&#8217;activit\u00e9s intercommunale Mierscherbierg ZAMID (\u00e9tude et achat de terrain)<\/p>\n\n\n\n<p>\u2713 Planification d&#8217;un Centre de Conf\u00e9rence \u00e0 c\u00f4t\u00e9 de la Villa Faber comme nouvelle salle des f\u00eates<\/p>\n\n\n\n<p>\u2713 Cr\u00e9ation d&#8217;un Service d&#8217;agents municipaux\/gardes champ\u00eatres avec implication de la commune de Lintgen<\/p>\n\n\n\n<p>\u2713 Cr\u00e9ation d&#8217;un Service forestier<\/p>\n\n\n\n<p>\u2713 Cr\u00e9ation d&#8217;un Service des \u00e9v\u00e9nements<\/p>\n\n\n\n<p>\u2713 Nouvelle entr\u00e9e de la tour principale du ch\u00e2teau de Mersch.<\/p>\n\n\n\n<h1 class=\"wp-block-heading\"><strong>Ce qui est encore pr\u00e9vu<\/strong><\/h1>\n\n\n\n<p><strong>Les grands projets suivants sont en cours de planification pendant et au-del\u00e0 de la l\u00e9gislature actuelle :<\/strong><\/p>\n\n\n\n<p>\u2713 Extension du parking de la rue Lohr<\/p>\n\n\n\n<p>\u2713 R\u00e9am\u00e9nagement de la rue du Knapp \u00e0 Moesdorf<\/p>\n\n\n\n<p>\u2713 R\u00e9fection d&#8217;une partie de la rue du Ch\u00e2teau \u00e0 Pettingen<\/p>\n\n\n\n<p>\u2713 R\u00e9fection des rues du quartier Mies \u00e0 Mersch<\/p>\n\n\n\n<p>\u2713 Planification d&#8217;un nouveau r\u00e9servoir d&#8217;eau potable au-dessus de la rue Hurkes \u00e0 Beringen, entre autres pour l&#8217;alimentation ult\u00e9rieure du nouveau quartier sur le site de l&#8217;Agrocenter<\/p>\n\n\n\n<p>\u2713 Am\u00e9nagement d&#8217;un cimeti\u00e8re forestier<\/p>\n\n\n\n<p>\u2713 Nouvelle illumination de No\u00ebl<\/p>\n\n\n\n<p>\u2713 Transformation de l&#8217;ancien caserne des sapeurs-pompiers \u00e0 Moesdorf en vue de la cr\u00e9ation d&#8217;un mus\u00e9e des sapeurs-pompiers et d&#8217;une salle de r\u00e9union d&#8217;environ 60 places<\/p>\n\n\n\n<p>\u2713 Construction de nouvelles installations sanitaires et d\u2019un nouveau bistrot dans le parc de Mersch<\/p>\n\n\n\n<hr class=\"wp-block-separator has-text-color has-alpha-channel-opacity has-background is-style-wide\" style=\"background-color:#aab500;color:#aab500\"\/>\n\n\n\n<div style=\"height:100px\" aria-hidden=\"true\" class=\"wp-block-spacer\"><\/div>\n\n\n\n<h1 class=\"wp-block-heading\" id=\"EN\"><strong>What we have implemented to date<\/strong><\/h1>\n\n\n\n<p><strong>In the last legislative period, the following major projects were implemented together with the CSV:<\/strong><\/p>\n\n\n\n<p>\u2713 Renewal of the &#8221; Rue Grande-Duchesse Charlotte<\/p>\n\n\n\n<p>\u2713 Land purchases for a total of \u20ac 19 million<\/p>\n\n\n\n<p>\u2713 In cooperation with the SNHBM, planning of affordable housing: 113 flats on the Agrocenter site, 8 flats in Rollingen, &#8221; Rue Belle-Vue &#8221; and 12 flats in Mersch, site of the Faber printing works<\/p>\n\n\n\n<p>\u2713 Planning of the new school campus on the site of the Albert Elsen school, the festival hall and the gatehouse of the Nik Welter school and the club building of the \u0152uvres Paroissiales including 26 classrooms, a sports hall, a swimming pool, a gatehouse, a club building for the \u0152uvres Paroissiales and underground parking spaces.<\/p>\n\n\n\n<p>\u2713 Construction of a new Maison Relais Krounebierg with 383 places next to the C\u00e9cile Ries school in Haardterwee<\/p>\n\n\n\n<p>\u2713 Construction of a new energy centre where mainly wood from local forests is burnt.<\/p>\n\n\n\n<p>\u2713 Extension of the cemetery in Mersch<\/p>\n\n\n\n<p>\u2713 Creation of a community garden in Mersch<\/p>\n\n\n\n<p>\u2713 Planning of the renovation of the Villa Faber in the Rue des Pr\u00e9s to allow for the Mierscher Lieshaus, the Mierscher Geschichtsfr\u00ebnn and the communal archives to move there<\/p>\n\n\n\n<p>\u2713 Purchase of land involving plans to build a large sports complex on Mierscherbierg.<\/p>\n\n\n\n<p>\u2713 Extension of the &#8221; Krounebierg &#8221; sports hall<\/p>\n\n\n\n<p>\u2713 Construction of the &#8221; Brasserie beim M\u00e9chel &#8221; on the &#8221; Place St-Michel &#8220;.<\/p>\n\n\n\n<p>\u2713 Creation of the local TV channel &#8221; Miersch-TV &#8220;.<\/p>\n\n\n\n<p>\u2713 Enlargement of the Mierscherbierg communal activity zone (planning and purchase of land)<\/p>\n\n\n\n<p>\u2713 Development of the Mierscherbierg ZAMID intercommunal activity zone (planning and purchase of land)<\/p>\n\n\n\n<p>\u2713 Planning of a &#8220;Centre de Conf\u00e9rence&#8221; next to Villa Faber as a new banqueting hall<\/p>\n\n\n\n<p>\u2713 Creation of a &#8220;Service d&#8217;agents municipaux\/gardes champ\u00eatres&#8221; with the involvement of the commune of Lintgen<\/p>\n\n\n\n<p>\u2713 Creation of a &#8221; Service forestier &#8220;<\/p>\n\n\n\n<p>\u2713 Creation of a &#8221; Service des \u00e9v\u00e9nements &#8220;.<\/p>\n\n\n\n<p>\u2713 New entrance to the main tower of Mersch Castle<\/p>\n\n\n\n<h1 class=\"wp-block-heading\"><strong>What else is planned<\/strong><\/h1>\n\n\n\n<p><strong>Projekte in mittel- und langfristiger Planung:<\/strong><\/p>\n\n\n\n<p>\u2713 The following major projects are planned during and beyond the current legislative period:<\/p>\n\n\n\n<p>\u2713 Extension of the car park in the &#8221; Rue Lohr &#8220;.<\/p>\n\n\n\n<p>\u2713 Redesign of the \u201cRue du Knapp\u201d in Moesdorf<\/p>\n\n\n\n<p>\u2713 Renovation of part of the \u201cRue du Ch\u00e2teau\u201d in Pettingen<\/p>\n\n\n\n<p>\u2713 Repair of the roads in Quartier Mies in Mersch<\/p>\n\n\n\n<p>\u2713 Planning of a new drinking water reservoir above the &#8220;Rue Hurkes&#8221; in Beringen, for the purpose of later supplying the new quarter at the Agrocenter site<\/p>\n\n\n\n<p>\u2713 Creation of a &#8220;B\u00ebschkierfecht<\/p>\n\n\n\n<p>\u2713 New Christmas lighting<\/p>\n\n\n\n<p>\u2713 Conversion of the former fire brigade building in Moesdorf to create a fire brigade museum and a meeting room with about 60 seats.<\/p>\n\n\n\n<p>\u2713 New sanitary facilities and new bar in Merscher Park<\/p>\n","protected":false},"excerpt":{"rendered":"<p>Wat mir bis elo \u00ebmgesat hunn a wat nach geplangt ass.<\/p>\n","protected":false},"author":2,"featured_media":491,"comment_status":"closed","ping_status":"closed","sticky":false,"template":"","format":"standard","meta":{"footnotes":""},"categories":[1],"tags":[19],"class_list":["post-257","post","type-post","status-publish","format-standard","has-post-thumbnail","hentry","category-news","tag-newsletter","wpbf-post"],"_links":{"self":[{"href":"https:\/\/www.dp.lu\/miersch\/wp-json\/wp\/v2\/posts\/257","targetHints":{"allow":["GET"]}}],"collection":[{"href":"https:\/\/www.dp.lu\/miersch\/wp-json\/wp\/v2\/posts"}],"about":[{"href":"https:\/\/www.dp.lu\/miersch\/wp-json\/wp\/v2\/types\/post"}],"author":[{"embeddable":true,"href":"https:\/\/www.dp.lu\/miersch\/wp-json\/wp\/v2\/users\/2"}],"replies":[{"embeddable":true,"href":"https:\/\/www.dp.lu\/miersch\/wp-json\/wp\/v2\/comments?post=257"}],"version-history":[{"count":2,"href":"https:\/\/www.dp.lu\/miersch\/wp-json\/wp\/v2\/posts\/257\/revisions"}],"predecessor-version":[{"id":490,"href":"https:\/\/www.dp.lu\/miersch\/wp-json\/wp\/v2\/posts\/257\/revisions\/490"}],"wp:featuredmedia":[{"embeddable":true,"href":"https:\/\/www.dp.lu\/miersch\/wp-json\/wp\/v2\/media\/491"}],"wp:attachment":[{"href":"https:\/\/www.dp.lu\/miersch\/wp-json\/wp\/v2\/media?parent=257"}],"wp:term":[{"taxonomy":"category","embeddable":true,"href":"https:\/\/www.dp.lu\/miersch\/wp-json\/wp\/v2\/categories?post=257"},{"taxonomy":"post_tag","embeddable":true,"href":"https:\/\/www.dp.lu\/miersch\/wp-json\/wp\/v2\/tags?post=257"}],"curies":[{"name":"wp","href":"https:\/\/api.w.org\/{rel}","templated":true}]}}