{"id":580,"date":"2023-01-25T13:19:00","date_gmt":"2023-01-25T13:19:00","guid":{"rendered":"https:\/\/www.dp.lu\/miersch\/?p=580"},"modified":"2023-03-21T13:24:25","modified_gmt":"2023-03-21T13:24:25","slug":"assermentation-du-nouveau-conseiller-communal-daniel-marques","status":"publish","type":"post","link":"https:\/\/www.dp.lu\/miersch\/assermentation-du-nouveau-conseiller-communal-daniel-marques\/","title":{"rendered":"Assermentation du nouveau conseiller communal Daniel Marques"},"content":{"rendered":"\n<figure class=\"wp-block-image size-large is-resized\"><img fetchpriority=\"high\" decoding=\"async\" src=\"https:\/\/www.dp.lu\/miersch\/wp-content\/uploads\/sites\/45\/2023\/03\/Daniel-Marques0007-683x1024.jpg\" alt=\"\" class=\"wp-image-582\" width=\"786\" height=\"1179\" srcset=\"https:\/\/www.dp.lu\/miersch\/wp-content\/uploads\/sites\/45\/2023\/03\/Daniel-Marques0007-683x1024.jpg 683w, https:\/\/www.dp.lu\/miersch\/wp-content\/uploads\/sites\/45\/2023\/03\/Daniel-Marques0007-200x300.jpg 200w, https:\/\/www.dp.lu\/miersch\/wp-content\/uploads\/sites\/45\/2023\/03\/Daniel-Marques0007-768x1152.jpg 768w, https:\/\/www.dp.lu\/miersch\/wp-content\/uploads\/sites\/45\/2023\/03\/Daniel-Marques0007-1024x1536.jpg 1024w, https:\/\/www.dp.lu\/miersch\/wp-content\/uploads\/sites\/45\/2023\/03\/Daniel-Marques0007.jpg 1182w\" sizes=\"(max-width: 786px) 100vw, 786px\" \/><figcaption class=\"wp-element-caption\">MARQUES Daniel<\/figcaption><\/figure>\n\n\n\n<figure class=\"wp-block-image size-full\"><img decoding=\"async\" width=\"788\" height=\"1024\" src=\"https:\/\/www.dp.lu\/miersch\/wp-content\/uploads\/sites\/45\/2023\/03\/db0bd37b-e7ec-46a3-b996-90667a16f7e3-1.jpg\" alt=\"\" class=\"wp-image-583\" srcset=\"https:\/\/www.dp.lu\/miersch\/wp-content\/uploads\/sites\/45\/2023\/03\/db0bd37b-e7ec-46a3-b996-90667a16f7e3-1.jpg 788w, https:\/\/www.dp.lu\/miersch\/wp-content\/uploads\/sites\/45\/2023\/03\/db0bd37b-e7ec-46a3-b996-90667a16f7e3-1-231x300.jpg 231w, https:\/\/www.dp.lu\/miersch\/wp-content\/uploads\/sites\/45\/2023\/03\/db0bd37b-e7ec-46a3-b996-90667a16f7e3-1-768x998.jpg 768w\" sizes=\"(max-width: 788px) 100vw, 788px\" \/><\/figure>\n\n\n\n<figure class=\"wp-block-image size-large\"><img decoding=\"async\" width=\"768\" height=\"1024\" src=\"https:\/\/www.dp.lu\/miersch\/wp-content\/uploads\/sites\/45\/2023\/03\/IMG_6467-768x1024.jpg\" alt=\"\" class=\"wp-image-587\" srcset=\"https:\/\/www.dp.lu\/miersch\/wp-content\/uploads\/sites\/45\/2023\/03\/IMG_6467-768x1024.jpg 768w, https:\/\/www.dp.lu\/miersch\/wp-content\/uploads\/sites\/45\/2023\/03\/IMG_6467-225x300.jpg 225w, https:\/\/www.dp.lu\/miersch\/wp-content\/uploads\/sites\/45\/2023\/03\/IMG_6467-1152x1536.jpg 1152w, https:\/\/www.dp.lu\/miersch\/wp-content\/uploads\/sites\/45\/2023\/03\/IMG_6467-1536x2048.jpg 1536w, https:\/\/www.dp.lu\/miersch\/wp-content\/uploads\/sites\/45\/2023\/03\/IMG_6467-scaled.jpg 1920w\" sizes=\"(max-width: 768px) 100vw, 768px\" \/><\/figure>\n\n\n\n<figure class=\"wp-block-image size-large\"><img loading=\"lazy\" decoding=\"async\" width=\"1024\" height=\"768\" src=\"https:\/\/www.dp.lu\/miersch\/wp-content\/uploads\/sites\/45\/2023\/03\/IMG_5922-1024x768.jpg\" alt=\"\" class=\"wp-image-585\" srcset=\"https:\/\/www.dp.lu\/miersch\/wp-content\/uploads\/sites\/45\/2023\/03\/IMG_5922-1024x768.jpg 1024w, https:\/\/www.dp.lu\/miersch\/wp-content\/uploads\/sites\/45\/2023\/03\/IMG_5922-300x225.jpg 300w, https:\/\/www.dp.lu\/miersch\/wp-content\/uploads\/sites\/45\/2023\/03\/IMG_5922-768x576.jpg 768w, https:\/\/www.dp.lu\/miersch\/wp-content\/uploads\/sites\/45\/2023\/03\/IMG_5922-1536x1152.jpg 1536w, https:\/\/www.dp.lu\/miersch\/wp-content\/uploads\/sites\/45\/2023\/03\/IMG_5922-2048x1536.jpg 2048w\" sizes=\"(max-width: 1024px) 100vw, 1024px\" \/><\/figure>\n\n\n\n<figure class=\"wp-block-image size-large\"><img loading=\"lazy\" decoding=\"async\" width=\"1024\" height=\"768\" src=\"https:\/\/www.dp.lu\/miersch\/wp-content\/uploads\/sites\/45\/2023\/03\/IMG_5921-1024x768.jpg\" alt=\"\" class=\"wp-image-584\" srcset=\"https:\/\/www.dp.lu\/miersch\/wp-content\/uploads\/sites\/45\/2023\/03\/IMG_5921-1024x768.jpg 1024w, https:\/\/www.dp.lu\/miersch\/wp-content\/uploads\/sites\/45\/2023\/03\/IMG_5921-300x225.jpg 300w, https:\/\/www.dp.lu\/miersch\/wp-content\/uploads\/sites\/45\/2023\/03\/IMG_5921-768x576.jpg 768w, https:\/\/www.dp.lu\/miersch\/wp-content\/uploads\/sites\/45\/2023\/03\/IMG_5921-1536x1152.jpg 1536w, https:\/\/www.dp.lu\/miersch\/wp-content\/uploads\/sites\/45\/2023\/03\/IMG_5921-2048x1536.jpg 2048w\" sizes=\"(max-width: 1024px) 100vw, 1024px\" \/><\/figure>\n\n\n\n<p>&#8220;Assermentation du nouveau conseiller communal Daniel Marques.&#8221;<\/p>\n\n\n\n<p>Dann present\u00e9iere mer Iech dei Aktuell Member aus der DP am Conseil zu Miersch.<\/p>\n\n\n\n<p>Un der Sp\u00ebtzt den Michel Malherbe als Buergermeeschter<\/p>\n\n\n\n<p>den <a><\/a>Kreier Heng als 1. Sch\u00e4ffen,<\/p>\n\n\n\n<p>d&#8217;Feller-Wilmes, de Vullers Willy an de Marques Daniel als Member vum Conseil.<\/p>\n\n\n\n<p>Alle 5 free\u00ebn sech d&#8217;Walen mat der reschtlecher Equippe an Ugr\u00ebff ze huelen. <img loading=\"lazy\" decoding=\"async\" src=\"https:\/\/static.xx.fbcdn.net\/images\/emoji.php\/v9\/t58\/1\/16\/1f929.png\" alt=\"\ud83e\udd29\" width=\"16\" height=\"16\"><img loading=\"lazy\" decoding=\"async\" src=\"https:\/\/static.xx.fbcdn.net\/images\/emoji.php\/v9\/t6c\/1\/16\/1f499.png\" alt=\"\ud83d\udc99\" width=\"16\" height=\"16\"><img loading=\"lazy\" decoding=\"async\" src=\"https:\/\/static.xx.fbcdn.net\/images\/emoji.php\/v9\/t6c\/1\/16\/1f499.png\" alt=\"\ud83d\udc99\" width=\"16\" height=\"16\"><img loading=\"lazy\" decoding=\"async\" src=\"https:\/\/static.xx.fbcdn.net\/images\/emoji.php\/v9\/t6c\/1\/16\/1f499.png\" alt=\"\ud83d\udc99\" width=\"16\" height=\"16\"><img loading=\"lazy\" decoding=\"async\" src=\"https:\/\/static.xx.fbcdn.net\/images\/emoji.php\/v9\/t6c\/1\/16\/1f499.png\" alt=\"\ud83d\udc99\" width=\"16\" height=\"16\">DP <img loading=\"lazy\" decoding=\"async\" src=\"https:\/\/static.xx.fbcdn.net\/images\/emoji.php\/v9\/t6c\/1\/16\/1f4aa.png\" alt=\"\ud83d\udcaa\" width=\"16\" height=\"16\"><\/p>\n\n\n\n<figure class=\"wp-block-image size-large\"><img loading=\"lazy\" decoding=\"async\" width=\"1024\" height=\"451\" src=\"https:\/\/www.dp.lu\/miersch\/wp-content\/uploads\/sites\/45\/2023\/03\/gemengerot-title-1024x451.jpg\" alt=\"\" class=\"wp-image-509\" srcset=\"https:\/\/www.dp.lu\/miersch\/wp-content\/uploads\/sites\/45\/2023\/03\/gemengerot-title-1024x451.jpg 1024w, https:\/\/www.dp.lu\/miersch\/wp-content\/uploads\/sites\/45\/2023\/03\/gemengerot-title-300x132.jpg 300w, https:\/\/www.dp.lu\/miersch\/wp-content\/uploads\/sites\/45\/2023\/03\/gemengerot-title-768x338.jpg 768w, https:\/\/www.dp.lu\/miersch\/wp-content\/uploads\/sites\/45\/2023\/03\/gemengerot-title-1536x676.jpg 1536w, https:\/\/www.dp.lu\/miersch\/wp-content\/uploads\/sites\/45\/2023\/03\/gemengerot-title-2048x901.jpg 2048w\" sizes=\"(max-width: 1024px) 100vw, 1024px\" \/><\/figure>\n","protected":false},"excerpt":{"rendered":"<p>&#8220;Assermentation du nouveau conseiller communal Daniel Marques.&#8221; Dann present\u00e9iere mer Iech dei Aktuell Member aus der DP am Conseil zu Miersch. Un der Sp\u00ebtzt den Michel Malherbe als Buergermeeschter den Kreier Heng als 1. Sch\u00e4ffen, d&#8217;Feller-Wilmes, de Vullers Willy an de Marques Daniel als Member vum Conseil. Alle 5 free\u00ebn sech d&#8217;Walen mat der reschtlecher [&hellip;]<\/p>\n","protected":false},"author":540,"featured_media":0,"comment_status":"closed","ping_status":"closed","sticky":false,"template":"","format":"standard","meta":{"footnotes":""},"categories":[1],"tags":[],"class_list":["post-580","post","type-post","status-publish","format-standard","hentry","category-news","wpbf-post"],"_links":{"self":[{"href":"https:\/\/www.dp.lu\/miersch\/wp-json\/wp\/v2\/posts\/580","targetHints":{"allow":["GET"]}}],"collection":[{"href":"https:\/\/www.dp.lu\/miersch\/wp-json\/wp\/v2\/posts"}],"about":[{"href":"https:\/\/www.dp.lu\/miersch\/wp-json\/wp\/v2\/types\/post"}],"author":[{"embeddable":true,"href":"https:\/\/www.dp.lu\/miersch\/wp-json\/wp\/v2\/users\/540"}],"replies":[{"embeddable":true,"href":"https:\/\/www.dp.lu\/miersch\/wp-json\/wp\/v2\/comments?post=580"}],"version-history":[{"count":1,"href":"https:\/\/www.dp.lu\/miersch\/wp-json\/wp\/v2\/posts\/580\/revisions"}],"predecessor-version":[{"id":588,"href":"https:\/\/www.dp.lu\/miersch\/wp-json\/wp\/v2\/posts\/580\/revisions\/588"}],"wp:attachment":[{"href":"https:\/\/www.dp.lu\/miersch\/wp-json\/wp\/v2\/media?parent=580"}],"wp:term":[{"taxonomy":"category","embeddable":true,"href":"https:\/\/www.dp.lu\/miersch\/wp-json\/wp\/v2\/categories?post=580"},{"taxonomy":"post_tag","embeddable":true,"href":"https:\/\/www.dp.lu\/miersch\/wp-json\/wp\/v2\/tags?post=580"}],"curies":[{"name":"wp","href":"https:\/\/api.w.org\/{rel}","templated":true}]}}