{"id":657,"date":"2023-06-16T13:34:26","date_gmt":"2023-06-16T13:34:26","guid":{"rendered":"https:\/\/www.dp.lu\/miersch\/?p=657"},"modified":"2023-06-16T13:34:28","modified_gmt":"2023-06-16T13:34:28","slug":"accord-de-principe-tescht-der-dp-an-der-csv","status":"publish","type":"post","link":"https:\/\/www.dp.lu\/miersch\/accord-de-principe-tescht-der-dp-an-der-csv\/","title":{"rendered":"Accord de Principe t\u00ebscht der DP an der CSV."},"content":{"rendered":"\n<p>Communiqu\u00e9<\/p>\n\n\n\n<p>DP Miersch an CSV Miersch deele mat, dass si den Owend no fairen Verhandlungen en accord de principe fonnt hunn fir och d\u00e9i kommend 6 Joer zesummen d&#8217;Gesch\u00e9cker vun der Gemeng Miersch ze leeden.<\/p>\n\n\n\n<p>B\u00e9id Walprogrammer iwwerschneiden, respektiv erg\u00e4nze sech a ville Ber\u00e4icher, sou dass an de n\u00e4chsten Deeg, op Basis vun den Diskussiounen, de Koalitiounsaccord finalis\u00e9iert ka ginn.<\/p>\n\n\n\n<p>De <a><\/a>Sch\u00e4fferot w\u00e4ert sech folgendermoossen zesummesetzen:<\/p>\n\n\n\n<p>Buergermeeschter: Michel MALHERBE (DP)<\/p>\n\n\n\n<p>1. Sch\u00e4ffen: Abby TOUSSAINT (CSV)<\/p>\n\n\n\n<p>2. Sch\u00e4ffen: Henri KRIER (DP)<\/p>\n\n\n\n<p>3. Sch\u00e4ffen: Michel REILAND (CSV) 2023-2025<\/p>\n\n\n\n<p>3. Sch\u00e4ffen: Willy VULLERS (DP) 2025-2029<\/p>\n\n\n\n<p>De finale Koalitiounsaccord muss nach duerch d\u00e9i jeweileg Parteigremien valid\u00e9iert ginn.<\/p>\n\n\n\n<p>Matgedeelt zu Miersch, de 15. Juni 2023<\/p>\n","protected":false},"excerpt":{"rendered":"<p>Communiqu\u00e9 DP Miersch an CSV Miersch deele mat, dass si den Owend no fairen Verhandlungen en accord de principe fonnt hunn fir och d\u00e9i kommend 6 Joer zesummen d&#8217;Gesch\u00e9cker vun der Gemeng Miersch ze leeden. B\u00e9id Walprogrammer iwwerschneiden, respektiv erg\u00e4nze sech a ville Ber\u00e4icher, sou dass an de n\u00e4chsten Deeg, op Basis vun den Diskussiounen, [&hellip;]<\/p>\n","protected":false},"author":540,"featured_media":0,"comment_status":"closed","ping_status":"closed","sticky":false,"template":"","format":"standard","meta":{"footnotes":""},"categories":[1],"tags":[],"class_list":["post-657","post","type-post","status-publish","format-standard","hentry","category-news","wpbf-post"],"_links":{"self":[{"href":"https:\/\/www.dp.lu\/miersch\/wp-json\/wp\/v2\/posts\/657","targetHints":{"allow":["GET"]}}],"collection":[{"href":"https:\/\/www.dp.lu\/miersch\/wp-json\/wp\/v2\/posts"}],"about":[{"href":"https:\/\/www.dp.lu\/miersch\/wp-json\/wp\/v2\/types\/post"}],"author":[{"embeddable":true,"href":"https:\/\/www.dp.lu\/miersch\/wp-json\/wp\/v2\/users\/540"}],"replies":[{"embeddable":true,"href":"https:\/\/www.dp.lu\/miersch\/wp-json\/wp\/v2\/comments?post=657"}],"version-history":[{"count":1,"href":"https:\/\/www.dp.lu\/miersch\/wp-json\/wp\/v2\/posts\/657\/revisions"}],"predecessor-version":[{"id":658,"href":"https:\/\/www.dp.lu\/miersch\/wp-json\/wp\/v2\/posts\/657\/revisions\/658"}],"wp:attachment":[{"href":"https:\/\/www.dp.lu\/miersch\/wp-json\/wp\/v2\/media?parent=657"}],"wp:term":[{"taxonomy":"category","embeddable":true,"href":"https:\/\/www.dp.lu\/miersch\/wp-json\/wp\/v2\/categories?post=657"},{"taxonomy":"post_tag","embeddable":true,"href":"https:\/\/www.dp.lu\/miersch\/wp-json\/wp\/v2\/tags?post=657"}],"curies":[{"name":"wp","href":"https:\/\/api.w.org\/{rel}","templated":true}]}}