{"id":428,"date":"2023-03-16T21:08:15","date_gmt":"2023-03-16T21:08:15","guid":{"rendered":"https:\/\/www.dp.lu\/steesel\/?p=428"},"modified":"2023-03-19T09:51:07","modified_gmt":"2023-03-19T09:51:07","slug":"eis-lescht-fir-dgemengewalen-vum-11-juni-2023","status":"publish","type":"post","link":"https:\/\/www.dp.lu\/steesel\/eis-lescht-fir-dgemengewalen-vum-11-juni-2023\/","title":{"rendered":"Eis L\u00ebscht fir d&#8217;Gemengewalen vum 11. Juni 2023"},"content":{"rendered":"\n<figure class=\"wp-block-image size-large\"><img fetchpriority=\"high\" decoding=\"async\" width=\"1024\" height=\"576\" src=\"https:\/\/www.dp.lu\/steesel\/wp-content\/uploads\/sites\/24\/2023\/03\/Kandidaten-min-1024x576.jpg\" alt=\"\" class=\"wp-image-444\" srcset=\"https:\/\/www.dp.lu\/steesel\/wp-content\/uploads\/sites\/24\/2023\/03\/Kandidaten-min-1024x576.jpg 1024w, https:\/\/www.dp.lu\/steesel\/wp-content\/uploads\/sites\/24\/2023\/03\/Kandidaten-min-300x169.jpg 300w, https:\/\/www.dp.lu\/steesel\/wp-content\/uploads\/sites\/24\/2023\/03\/Kandidaten-min-768x432.jpg 768w, https:\/\/www.dp.lu\/steesel\/wp-content\/uploads\/sites\/24\/2023\/03\/Kandidaten-min-1536x864.jpg 1536w, https:\/\/www.dp.lu\/steesel\/wp-content\/uploads\/sites\/24\/2023\/03\/Kandidaten-min-2048x1152.jpg 2048w\" sizes=\"(max-width: 1024px) 100vw, 1024px\" \/><\/figure>\n\n\n\n<p>Den Dr Siggy Rausch, Sp\u00ebtzekandidat, ass houfreg eng h\u00e9ichmotiv\u00e9iert an dynamesch DP-L\u00ebscht mat 4 aktuelle&nbsp;Steeseler Gemenger\u00e9it unzef\u00e9ieren.<\/p>\n\n\n\n<p>Hei sinn d\u00e9i 11 Kandidate&nbsp;fir d&#8217;Gemeng Steesel :<\/p>\n\n\n\n<p>Siggy RAUSCH, 69 Joer, Hausdokter, Enseignant UNI.LU, Gemengerot, M\u00eblleref<\/p>\n\n\n\n<p>Jacques BORTUZZO, 41 Joer, Steierberoder, Director bei der KPMG Luxembourg, Steesel<\/p>\n\n\n\n<p>Georges BOURSCHEID, 74 Joer, Diplom-Ingenieur, Firmechef, pension\u00e9iert, Steesel<\/p>\n\n\n\n<p>Theo BRODALA, 65 Joer, Gemengenaarbechter, pension\u00e9iert, Member an der S\u00e9cherheetskommissioun, Heeschdref<\/p>\n\n\n\n<p>Charel CANNIVE, 25 Joer, Bauer, Sekret\u00e4r vun der Mark &#8220;D&#8217;Fair Fleesch&#8221;, M\u00eblleref<\/p>\n\n\n\n<p>Jana DEGROTT, 27 Joer, Aktivistin, Entreprenesch, Juristin, Gemengerot, Heeschdref<\/p>\n\n\n\n<p>Jacques LANNERS, 64 Joer, Ingenieur, onofh\u00e4ngegen Administrateur, Gemengerot, Steesel<\/p>\n\n\n\n<p>Karin LENERTZ, 61 Joer, Bankmanagerin, pension\u00e9iert, Member an der Kulturkommissioun, M\u00eblleref<\/p>\n\n\n\n<p>Josette RAUSCH-LAHURE, 63 Joer, Infirmi\u00e8re, pension\u00e9iert, Comit\u00e9 DP-Zentrum, Sozialkommissioun, Fair Trade, M\u00eblleref<\/p>\n\n\n\n<p>Claude SCHINTGEN, 66&nbsp;Joer, Privatbeamten, pension\u00e9iert, Gemengerot, President Supporterclub Amicale Steesel, M\u00eblleref<\/p>\n\n\n\n<p>Jeff WEISSEN, 33 Joer, Sales Manager, Steesel<\/p>\n","protected":false},"excerpt":{"rendered":"<p>Den Dr Siggy Rausch, Sp\u00ebtzekandidat, ass houfreg eng h\u00e9ichmotiv\u00e9iert an dynamesch DP-L\u00ebscht mat 4 aktuelle Steeseler Gemenger\u00e9it unzef\u00e9ieren.<\/p>\n","protected":false},"author":378,"featured_media":0,"comment_status":"closed","ping_status":"closed","sticky":false,"template":"","format":"standard","meta":{"footnotes":""},"categories":[1],"tags":[],"class_list":["post-428","post","type-post","status-publish","format-standard","hentry","category-news","wpbf-post"],"_links":{"self":[{"href":"https:\/\/www.dp.lu\/steesel\/wp-json\/wp\/v2\/posts\/428","targetHints":{"allow":["GET"]}}],"collection":[{"href":"https:\/\/www.dp.lu\/steesel\/wp-json\/wp\/v2\/posts"}],"about":[{"href":"https:\/\/www.dp.lu\/steesel\/wp-json\/wp\/v2\/types\/post"}],"author":[{"embeddable":true,"href":"https:\/\/www.dp.lu\/steesel\/wp-json\/wp\/v2\/users\/378"}],"replies":[{"embeddable":true,"href":"https:\/\/www.dp.lu\/steesel\/wp-json\/wp\/v2\/comments?post=428"}],"version-history":[{"count":3,"href":"https:\/\/www.dp.lu\/steesel\/wp-json\/wp\/v2\/posts\/428\/revisions"}],"predecessor-version":[{"id":448,"href":"https:\/\/www.dp.lu\/steesel\/wp-json\/wp\/v2\/posts\/428\/revisions\/448"}],"wp:attachment":[{"href":"https:\/\/www.dp.lu\/steesel\/wp-json\/wp\/v2\/media?parent=428"}],"wp:term":[{"taxonomy":"category","embeddable":true,"href":"https:\/\/www.dp.lu\/steesel\/wp-json\/wp\/v2\/categories?post=428"},{"taxonomy":"post_tag","embeddable":true,"href":"https:\/\/www.dp.lu\/steesel\/wp-json\/wp\/v2\/tags?post=428"}],"curies":[{"name":"wp","href":"https:\/\/api.w.org\/{rel}","templated":true}]}}