{"id":712,"date":"2023-05-22T16:34:14","date_gmt":"2023-05-22T16:34:14","guid":{"rendered":"https:\/\/www.dp.lu\/steesel\/?p=712"},"modified":"2023-05-24T20:26:36","modified_gmt":"2023-05-24T20:26:36","slug":"no-bei-dir-das-zusammenleben-in-der-gemeinde-starken","status":"publish","type":"post","link":"https:\/\/www.dp.lu\/steesel\/no-bei-dir-das-zusammenleben-in-der-gemeinde-starken\/","title":{"rendered":"\u201eNo bei dir\u201c &#8211; Das Zusammenleben in der Gemeinde st\u00e4rken."},"content":{"rendered":"\n<p>Anmerkung f\u00fcr alle folgenden Texte des DP-Programms:<\/p>\n\n\n\n<p>Die nachfolgenden Ideen sind alle auch f\u00fcr Menschen mit Behinderung oder eingeschr\u00e4nkter Bewegung m\u00f6glich.<\/p>\n\n\n\n<h2 class=\"wp-block-heading\"><strong>FAMILIE<\/strong><\/h2>\n\n\n\n<p>Eltern sein ist nicht immer einfach, sondern ein Beruf, den wir nicht erlernt haben. Um die interessierten Eltern zu unterst\u00fctzen, wird die DP folgende Angebote hier in der Gemeinde aufbauen:<\/p>\n\n\n\n<p><strong>\u201eEltereschoul\u201c.<\/strong><\/p>\n\n\n\n<p>In der Elternschule werden M\u00fctter und V\u00e4ter Auskunft erhalten zu ihren pers\u00f6nlichen Fragen oder Sorgen was Kindererziehung, Kinderentwicklung, Gespr\u00e4chsf\u00fchrung mit Kindern in den verschiedenen Altersstufen betrifft. Durch geschultes Personal werden Kurse oder Treffen f\u00fcr Eltern oder Gro\u00dfeltern organisiert.<\/p>\n\n\n\n<p><strong>Elterncaf\u00e9<\/strong>.<\/p>\n\n\n\n<p>In regelm\u00e4\u00dfigen Abst\u00e4nden werden sich Alleinerziehende, Eltern oder werdende Eltern an einem gem\u00fctlichen Ort zusammensetzen um sich auszutauschen. Beim Zusammensein, mit oder ohne Kinder, werden Gedanken ausgetauscht und neue Kontakte gekn\u00fcpft. So manche Schwierigkeit des Elternseins wird auf diese Art eine L\u00f6sung finden.<\/p>\n\n\n\n<p><strong>Frauen-Treff.<\/strong><\/p>\n\n\n\n<p>Als DP werden wir einen Begegnungsort f\u00fcr Frauen allen Alters anbieten.<\/p>\n\n\n\n<p>Dies mit folgendem Nutzen: Austausch unter Frauen, sodass auch die Lebenserfahrung der \u00e4lteren Mitb\u00fcrgerinnen genutzt wird. Es wird ein Ort sein f\u00fcr den R\u00fcckzug vom Alltag, zur Entspannung sei es beim Lesen oder in der Gemeinschaft, f\u00fcr gemeinsame Freizeitaktivit\u00e4ten. Durch diese Treffen der beteiligten Frauen wird das Alleinsein vermindert werden, der Sozialkontakt gef\u00f6rdert und neue Freundschaften entstehen. Ein Treffpunkt wo Frauen, sei es f\u00fcr ein paar Minuten oder l\u00e4nger einen ungest\u00f6rten Aufenthaltsort finden werden.<\/p>\n\n\n\n<h2 class=\"wp-block-heading\">Kinder<\/h2>\n\n\n\n<p><strong>Spielpl\u00e4tze.<\/strong><\/p>\n\n\n\n<p>Modern und vielf\u00e4ltig, eine Gemeinde hat nie zu viel. Sie sollten an allen Dorfabschnitten zur Verf\u00fcgung stehen (Steinsel, Heisdorf, M\u00fcllendorf).<br><br><\/p>\n\n\n\n<p><strong>Sitzb\u00e4nke und Tische.<\/strong><\/p>\n\n\n\n<p>Entlang der Fu\u00dfg\u00e4ngerwege, Fahrradwege und auf Spielpl\u00e4tzen werden Sitzb\u00e4nke den zwischenmenschlichen Kontakt f\u00f6rdern.<\/p>\n\n\n\n<p><strong>Der Jugendgemeinderat<\/strong> <strong>wird entwickelt.<\/strong><\/p>\n\n\n\n<p>Unsere zuk\u00fcnftige W\u00e4hlerschaft soll auch die Gelegenheit bekommen zu erlernen, wie die Gemeinde funktioniert. Eine verpflichtende Beteiligung der Jugendvertretung bei Themen welche die Jugend betreffen ist unerl\u00e4sslich.<\/p>\n\n\n\n<p><strong>Babysitting-Kurse.<\/strong><\/p>\n\n\n\n<p>Sie werden angeboten, falls Nachfrage besteht.<\/p>\n\n\n\n<p><strong>Die Kindertagesst\u00e4tte<\/strong>.<\/p>\n\n\n\n<p>Sie nimmt einen wichtigen Teil in der Kinderbetreuung ein. Allerdings kann es nicht sein, dass 50 Kinder in unserer Gemeinde auf einen freien Platz f\u00fcr die Kindertagesst\u00e4tte warten. Hier muss schnellstens eine L\u00f6sung gefunden werden, sodass alle Anfragen ber\u00fccksichtigt werden.<\/p>\n\n\n\n<h2 class=\"wp-block-heading\"><strong>BEGEGNUNGSORTE F\u00dcR DIE JUGEND<\/strong><\/h2>\n\n\n\n<p>Es ist f\u00fcr uns unentbehrlich, den Jugendlichen, einen eignen Ort zur Verf\u00fcgung zu stellen.<br><br><\/p>\n\n\n\n<p><strong>Jugendpl\u00e4tze.<\/strong><\/p>\n\n\n\n<p>Wir wollen Jugendpl\u00e4tze anlegen, die auch mit dem Auto zu erreichen sind. Wir werden diese mit Sitzpl\u00e4tzen, Tischen, Abfalleimern und einem Picknickplatz ausstatten. Unter Freunden zu sein ist immer wichtig. Eine zeitliche Begrenzung versteht sich von selbst, um die Nachtruhe der Nachbarn nicht zu st\u00f6ren.<\/p>\n\n\n\n<p><strong>Das Jugendhaus.<\/strong><\/p>\n\n\n\n<p>Unter der Leitung der Croix-Rouge, bietet das Jugendhaus der Gemeinde Steinsel zahlreiche Aktivit\u00e4ten an. Diese Einrichtung werden wir unterst\u00fctzen, da dort etliche Jugendliche j\u00fcngeren Alters eine wichtige Anlaufstelle f\u00fcr Freizeitbesch\u00e4ftigungen finden.<\/p>\n\n\n\n<p><strong>\u201eSteesel-Beach\u201c.<\/strong><\/p>\n\n\n\n<p>W\u00e4hrend der Sommermonate sollen sich die Menschen an einem heimischen \u201aFerienort\u2018 treffen k\u00f6nnen. Interessierten Dorfvereinen wird hier die M\u00f6glichkeit zum Grillen und Getr\u00e4nkeverkauf angeboten werden. F\u00fcr die DP bietet dies eine weitere Gelegenheit zum gem\u00fctlichen Zusammensein. Einige Gemeinden haben bereits solche Vorhaben umgesetzt.<\/p>\n\n\n\n<p><strong>Graffiti-Space bleibt ein Thema.<\/strong><\/p>\n\n\n\n<p>Die DP wird Graffiti-Wochenenden organisieren. Unter professioneller Leitung k\u00f6nnen alle Interessenten mitmachen und Ihre Bilder entlang der Wege oder in Parks ausstellen. Dies bildet f\u00fcr uns alle eine kreative Abwechslung.<\/p>\n\n\n\n<p><strong>Dorfvereine.<\/strong><\/p>\n\n\n\n<p>Wir werden die Vereine weiterhin unterst\u00fctzen, auch finanziell, da die ehrenamtliche T\u00e4tigkeit der Verantwortlichen vital ist f\u00fcr ein attraktives Zusammenleben. Ein Ort ohne Vereine ist leblos und ohne soziales Leben.<\/p>\n\n\n\n<h2 class=\"wp-block-heading\">Bildung<\/h2>\n\n\n\n<p><strong>Die Fremdsprache<\/strong>.<\/p>\n\n\n\n<p>Sie bildet ein wichtiges Verbindungsglied zwischen den Menschen.<br>&nbsp;<\/p>\n\n\n\n<p><strong>Die Jumelage-Verbindungen.<\/strong><\/p>\n\n\n\n<p>Mit der DP werden die St\u00e4dtepartnerschaften neu aufleben und ausgebaut. Auf diese Weise bilden sich, im Austausch und in Besuchen, neue Kontakte zu anderen Kulturen sowie zu einer fremden Sprache, also eine Bereicherung f\u00fcr alle Beteiligten.<\/p>\n\n\n\n<p><strong>Das Reisen der Schulklassen innerhalb Luxemburgs.<\/strong><strong><\/strong><\/p>\n\n\n\n<p>Einige Tage an einem See oder in einer Jugendherberge hier im Land, dies verbunden mit Ausfl\u00fcgen sowie geschichtlichen oder lokalen Informationen, wird unseren Schulkindern helfen, das Land in welchem sie leben, besser kennen zu lernen.<\/p>\n\n\n\n<p><strong>Computerkurse.<\/strong><\/p>\n\n\n\n<p>Die DP wird Kurse f\u00fcr alle Einwohner einf\u00fchren, damit jeder die Gelegenheit erh\u00e4lt sich in der Cyberwelt zurechtzufinden.<\/p>\n\n\n\n<p><strong>Kommunikation, Mediation, Meditation<\/strong>.<\/p>\n\n\n\n<p>Konzepte in diesen Bereichen werden wir als Pilotprojekte einf\u00fchren.<\/p>\n\n\n\n<h2 class=\"wp-block-heading\">Alter und Soziales<\/h2>\n\n\n\n<p><strong>Mobile Angebote.<\/strong><\/p>\n\n\n\n<p>Mobile Dienste wie B\u00e4cker, Lebensmittelh\u00e4ndler, \u201eSuperdrecksk\u00ebscht\u201c, usw. \u2026 wird Bewohnerinnen und Bewohner angeboten werden, welche Probleme haben das Haus zu verlassen. Durch Einschreibungen k\u00f6nnen sie von diesen Diensten Gebrauch machen.<\/p>\n\n\n\n<p><strong>Die \u201ePoterk\u00ebscht\u201c oder \u201eCaf\u00e9 des Langues\u201c.<\/strong><\/p>\n\n\n\n<p>Diese Treffen sind jedem Einwohner zug\u00e4nglich. Bei dieser Gelegenheit wird den Einwohnerinnen und Einwohner die Gelegenheit geboten unsere Landessprache, das Luxemburgische zu erlernen. Dies tr\u00e4gt dazu bei, unser Zusammenleben zu vereinfachen.<\/p>\n\n\n\n<p><strong>Anti-Gaspi.<\/strong><\/p>\n\n\n\n<p>Das Verschwenden von Essensresten kann unsere Gesellschaft nicht kaltlassen. Noch gutes und brauchbares Essen, z. B. aus Schulkantinen, werden wir weiterverwerten oder gezielt an bed\u00fcrftige Organisationen weitergeben. Auch besteht die M\u00f6glichkeit, diese Essensportionen zu einem verbilligten Tarif an einem daf\u00fcr geplanten Ort anzubieten.<\/p>\n\n\n\n<p><strong>Altersgruppe \u00fcber 60.<\/strong><\/p>\n\n\n\n<p>\u00c4ltere Gemeindeeinwohnerinnen und -einwohner werden in unserer Gemeinde ein gro\u00dfes Angebot an kulturellen und sportlichen Freizeitaktivit\u00e4ten vorfinden. Der Club \u201eUelzechtdall\u201c, an welchem auch die Gemeinde Steinsel angeschlossen ist, wird unterst\u00fctzt, sowie alle weiteren Vereinigungen, welche diese Altersgruppe anzielen, werden gef\u00f6rdert.<\/p>\n\n\n\n<p><strong>\u201eGutt Wunnen\u201c.<\/strong><\/p>\n\n\n\n<p>Eine 2022 gegr\u00fcndete Initiative zwischen dem Sozialb\u00fcro Steinsel\/Lorentzweiler und dem Sozialb\u00fcro Mersch (Mersch, Lintgen, Helperknapp, Bissen) hat zum Ziel 60 eigene Sozialwohnungen zu verwalten, sowie von Privatleuten angebotene leerstehende Wohnungen in ihr Angebot zu integrieren und zu einem g\u00fcnstigen Preis zu vermieten. Das Sozialb\u00fcro der Gemeinde Steinsel wird hierbei unterst\u00fctzen.<\/p>\n\n\n\n<h2 class=\"wp-block-heading\"><strong>ATTRAKTIVES GESELLSCHAFTSLEBEN<\/strong><\/h2>\n\n\n\n<p>Eine saubere und sichere Gemeinde ist uns wichtig. Unsere B\u00fcrgersteige und Wiesenanlagen sowie \u00f6ffentliche als auch private m\u00fcssen sauber bleiben.<\/p>\n\n\n\n<p><strong>\u201eOwesmaart\u201c.<\/strong><\/p>\n\n\n\n<p>In regelm\u00e4\u00dfigen Abst\u00e4nden wird ein \u201eOwesmaart\u201c den Einwohnern nach getaner Arbeit lokale und regionale Produkte anbieten.<\/p>\n\n\n\n<p><strong>Hundewiesen und Hunde-Parcours.<\/strong><\/p>\n\n\n\n<p>Eingez\u00e4unte Hundewiesen, ausgestattet mit Brunnen, Kotbeuteln und Abfalleimer, k\u00f6nnten unsere treuen Begleiter als Toilette benutzen. &nbsp;Ein angelegter Hunde-Parcours wird Interessenten zur Verf\u00fcgung stehen.<\/p>\n\n\n\n<p>Indem jeder Hundebesitzer seine Verantwortung \u00fcbernimmt und die Hundehaufen entsorgt, werden Streitgespr\u00e4che zwischen den B\u00fcrgern vermindert und unser Zusammenleben gem\u00fctlicher.<\/p>\n\n\n\n<p><strong>Die<\/strong> <strong>Mountainbikestrecke.<\/strong><\/p>\n\n\n\n<p>Die DP wird die Mountainbike-Strecke sicherer gestalten, so dass Wanderer und Mountainbiker sich nicht behindern.<\/p>\n\n\n\n<p><strong>Schallgesch\u00fctzte Gemeindegeb\u00e4ude.<\/strong><\/p>\n\n\n\n<p>Damit alle Beteiligten sich bei Veranstaltungen wohlf\u00fchlen und akustisch gute Diskussionsrunden, Vortr\u00e4ge oder Konzerte m\u00f6glich sind, werden die Gemeindegeb\u00e4ude optimal schallgesch\u00fctzt ausgestattet.<\/p>\n\n\n\n<h2 class=\"wp-block-heading\">Sport<\/h2>\n\n\n\n<p><strong>Mehrgenerationen-Spielplatz.<\/strong><\/p>\n\n\n\n<p>Er wird Erwachsene und Kinder zum gemeinsamen Sporttreiben und Spa\u00df zusammenbringen.<\/p>\n\n\n\n<p><strong>Die Sicherheit bei Sportveranstaltungen<\/strong><\/p>\n\n\n\n<p>die den Stra\u00dfenverkehr behindern k\u00f6nnten, ist stets mit allen Beteiligten (Gemeindeverantwortliche, Vereine, Polizei, \u2026) zu \u00fcberpr\u00fcfen, um Gefahrenquellen fr\u00fchzeitig zu erkennen, damit die Aktivit\u00e4ten entspannt ablaufen k\u00f6nnen.<\/p>\n\n\n\n<h2 class=\"wp-block-heading\">Kultur<\/h2>\n\n\n\n<p><strong>Musikschule.<\/strong><\/p>\n\n\n\n<p>Die Musikschule sowie die UGDA-Kurse werden auch weiterhin allen Interessenten zur Verf\u00fcgung stehen.<\/p>\n\n\n\n<p><strong>\u201eArt \u00e0 l\u2019Ecole\u201c.<\/strong><\/p>\n\n\n\n<p>Falls Nachfrage besteht, wird die \u201eArt \u00e0 l\u2019Ecole\u201c als Sommerakademie ausgebaut.<\/p>\n\n\n\n<p><strong>\u201eComit\u00e9 du Souvenir\u201c \u2013 \u201eSteeseler Duerfgeschicht\u201c.<\/strong><\/p>\n\n\n\n<p>So manch interessante Erinnerungen finden wir in unserer Gemeinde. Diese sollen durch Vortr\u00e4ge, Fotoausstellungen, F\u00fchrungen von Kennern der Dorfgeschichte pr\u00e4sentiert werden<\/p>\n\n\n\n<h2 class=\"wp-block-heading\"><strong>SICHERE GEMEINDEN<\/strong><\/h2>\n\n\n\n<p>Die DP Steinsel ist entschlossen, die Sicherheit, das Wohlergehen und die Gefahrenabwehr ihrer B\u00fcrger zu gew\u00e4hrleisten. Wir sind der Ansicht, dass die Kommunalbeh\u00f6rde eine wichtige Rolle beim Erreichen dieses Ziels spielt.<\/p>\n\n\n\n<p><strong>Verkehrssicherheit.<\/strong><\/p>\n\n\n\n<p>Die Verkehrssicherheit ist ein gro\u00dfes Anliegen, da viele Einwohner von schlechten Bedingungen in Wohngebieten und in der Umgebung von Schulen berichteten. Um dieses Problem zu l\u00f6sen, schl\u00e4gt die DP u.a. Dialogschilder, die die reale Geschwindigkeit anzeigen, Bodenschwellen und Verkehrsinseln vor.<\/p>\n\n\n\n<p><strong>H\u00e4usliche Gewalt.<\/strong><\/p>\n\n\n\n<p>Die DP erkennt die besorgniserregenden Raten h\u00e4uslicher Gewalt in Luxemburg an und plant die Einrichtung einer lokalen Kontaktstelle, um Opfern von h\u00e4uslicher Gewalt Unterst\u00fctzung und Hilfe zu bieten. Dar\u00fcber hinaus beabsichtigt die DP, wirksame Pr\u00e4ventionskampagnen durchzuf\u00fchren, die das Bewusstsein f\u00fcr gewaltt\u00e4tiges Verhalten sch\u00e4rfen und auf die Bandbreite an sozialen Hilfsangeboten, die den Opfern zur Verf\u00fcgung stehen, aufmerksam zu machen.<\/p>\n\n\n\n<p><strong>Schutz vor Wohnungseinbr\u00fcchen.<\/strong><\/p>\n\n\n\n<p>Die Sensibilisierung der \u00d6ffentlichkeit bei der Bek\u00e4mpfung von Wohnungseinbr\u00fcchen ist von entscheidender Bedeutung, insbesondere in Zeiten hoher krimineller Aktivit\u00e4t in der Ferienzeit. Daher ist die DP der Ansicht, dass die Gemeinde eine aktive Rolle bei der Aufkl\u00e4rung der B\u00fcrgerinnen und B\u00fcrger dar\u00fcber spielen sollte, wie sie sich sch\u00fctzen k\u00f6nnen.<\/p>\n\n\n\n<p><strong>Neuer Standort f\u00fcr die Feuerwehr.<\/strong><\/p>\n\n\n\n<p>Die DP verfolgt das Ziel, die Feuerwehr von ihrem derzeitigen Standort im Schulkomplex von Steinsel an einen strategisch g\u00fcnstigeren und besser zug\u00e4nglichen Ort zu verlegen. Die DP schl\u00e4gt vor, mit dem CGDIS zusammenzuarbeiten, um einen geeigneten neuen Standort auszuw\u00e4hlen, wobei Standorte wie Hortulux oder Elterstrachen in Betracht gezogen werden. Ein solcher Standortwechsel w\u00fcrde sicherstellen, dass die Notdienste f\u00fcr die betroffenen B\u00fcrgerinnen und B\u00fcrger leicht zug\u00e4nglich sind.<\/p>\n\n\n\n<h1 class=\"wp-block-heading\"><strong>Eine nachhaltige Gemeinde<\/strong><\/h1>\n\n\n\n<h2 class=\"wp-block-heading\"><strong>NATUR UND UMWELT<\/strong><\/h2>\n\n\n\n<p>Naturschutz und Erhalt des nat\u00fcrlichen Lebensraumes sind f\u00fcr uns erste Priorit\u00e4t.<\/p>\n\n\n\n<p><strong>Die Renaturierung der Alzette und das Naherholungsgebiet.<\/strong><\/p>\n\n\n\n<p>Dieses Projekt haben wir seit 30 Jahren zu unserem erkl\u00e4rten Ziel gemacht. Im Moment geht es hier endlich in die richtige Richtung. Wir werden die Renaturierung verbinden mit der Schaffung eines Naherholungsgebietes, das im Zentrum der Gemeinde vielf\u00e4ltige M\u00f6glichkeiten der Begegnung und Erholung erm\u00f6glicht. Weiterhin werden wir alle Optionen nutzen, um die Renaturierung in das vorbeugende Management von eventuellen \u00dcberschwemmungen einzubeziehen.<\/p>\n\n\n\n<p><strong>Erholung<\/strong>.<\/p>\n\n\n\n<p>Wir werden das bestehende Wanderwegenetz neu erfassen und ausbauen.<\/p>\n\n\n\n<p><strong>Quellen und Umwelt.<\/strong><\/p>\n\n\n\n<p>Die eigenen Quellen werden wir so weit wie machbar sanieren und nutzen.<\/p>\n\n\n\n<p>Wir werden allgemein das Begr\u00fcnen der Gemeinde f\u00f6rdern, um besseren Bodenschutz und erh\u00f6hte Biodiversit\u00e4t zu erreichen.<\/p>\n\n\n\n<p>Durch Patenschaften f\u00fcr \u00f6ffentliche Gr\u00fcnfl\u00e4chen k\u00f6nnen neue kreative Ideen umgesetzt werden.<\/p>\n\n\n\n<p>Regenwasser und Industriewassernutzung sollen gef\u00f6rdert werden.<\/p>\n\n\n\n<p><strong>Recyclingzentrum.<\/strong><\/p>\n\n\n\n<p>Das Recyclingareal an der M\u00fcllendorfer Alzettebr\u00fccke werden wir verlegen. Ideal w\u00e4re ein Partnerprojekt mit der Gemeinde Walferdingen in der Industriezone Steinsel. Die aktuell bestehenden H\u00fcrden sind l\u00f6sbar, verlangen aber einen starken Einsatz.<\/p>\n\n\n\n<h2 class=\"wp-block-heading\"><strong>ENERGIE<\/strong><\/h2>\n\n\n\n<p><strong>Vorbildfunktion.<\/strong><\/p>\n\n\n\n<p>Die \u00f6ffentliche Hand muss ihrer Vorbildfunktion in Sachen erneuerbarer Energien und Energieeffizienz gerecht werden und auf entsprechende Technologien umstellen. Die DP erhofft sich dadurch einen Schub f\u00fcr die Produktion und Erforschung von erneuerbaren Energien.<\/p>\n\n\n\n<p>Wir wollen die erneuerbaren Energien in Steinsel ausbauen, kommunale Geb\u00e4ude energetisch sanieren und die Energieeffizienz steigern. Auch stehen wir f\u00fcr einen schonenden Umgang mit unseren nat\u00fcrlichen Ressourcen. Die DP wird die Prinzipien der Kreislaufwirtschaft in allen Bereichen ber\u00fccksichtigen.<\/p>\n\n\n\n<p><strong>Ausbau der klimaneutralen Stromversorgung.<\/strong><\/p>\n\n\n\n<p>Die DP wird das Potenzial f\u00fcr erneuerbare Energien in der Gemeinde Steinsel maximal ausnutzen. Alle \u00f6ffentlichen Geb\u00e4ude sollen so schnell wie m\u00f6glich mit lokal produziertem Strom versorgt werden. Wir werden daf\u00fcr die Installation von Photovoltaik-Anlagen auf kommunalen D\u00e4chern konsequent ausbauen. \u00dcbersch\u00fcsse k\u00f6nnen gegebenenfalls verkauft und ins Netz gespeist werden. Zudem bef\u00fcrworten wir auch grunds\u00e4tzlich Partnerschaften mit lokalen und regionalen Energiekooperativen welche die energetische Wende vorantreiben.<\/p>\n\n\n\n<p><strong>Windkraft st\u00e4rker nutzen.<\/strong><\/p>\n\n\n\n<p>Beim Ausbau der Windkraft besteht in Luxemburg noch ein betr\u00e4chtliches Wachstumspotenzial. Aktuell laufen Machbarkeitsstudien mit der Firma Soler, die wir weiter unterst\u00fctzen werden. Auch wollen wir die m\u00f6gliche Beteiligung an regionalen Windparks und die Errichtung kleinerer Windanlagen z. B. auf kommunalen D\u00e4chern, untersuchen. Immer in enger Einbindung der B\u00fcrger und B\u00fcrgerinnen, um m\u00f6glichen Bedenken Rechnung zu tragen.<\/p>\n\n\n\n<p><strong>Mehr Licht, weniger Energie.<\/strong><\/p>\n\n\n\n<p>Die Stra\u00dfenbeleuchtung ist f\u00fcr einen erheblichen Anteil des Stromverbrauches verantwortlich. Die DP will alle kommunalen Beleuchtungen schnellstens auf eine energieeffizientere LED-Technologie umstellen und, wenn m\u00f6glich, mit einer Dimmer-Funktion und Bewegungssensoren ausstatten.<\/p>\n\n\n\n<p><strong>Energieberatung.<\/strong><\/p>\n\n\n\n<p>Zus\u00e4tzlich zu den nationalen Beratungsstellen wird die DP auch auf lokaler Ebene Beratungsangebote f\u00fcr private Haushalte und Unternehmen ausbauen.<\/p>\n\n\n\n<p><strong>Au\u00dferdem.<\/strong><\/p>\n\n\n\n<p>Die DP misst dem L\u00e4rmschutz gr\u00f6\u00dfere Bedeutung zu. Die Verwendung von Regen- und Industriewasser wollen wir f\u00f6rdern.<\/p>\n\n\n\n<p>Die Biogasanlage auf dem Rommeschterhaff, welche auch den Gr\u00fcnschnitt der Gemeinde verarbeitet, produziert viel Ab-W\u00e4rme die im Moment noch verloren geht. Wir werden Nutzungsm\u00f6glichkeiten pr\u00fcfen.<\/p>\n\n\n\n<h1 class=\"wp-block-heading\"><strong>Ein lebenswertes und modernes Leben vor Ort<\/strong><\/h1>\n\n\n\n<h2 class=\"wp-block-heading\"><strong>DIGITALE, B\u00dcRGERNAHE UND TRANSPARENTE GEMEINDE<\/strong><\/h2>\n\n\n\n<p><strong>\u201eSmart City\u201c.<\/strong><\/p>\n\n\n\n<p>Die DP Steinsel wird das Konzept der \u201eintelligenten Gemeinde\u201c f\u00f6rdern und das Potenzial des vernetzten Gemeindelebens voll aussch\u00f6pfen, wobei kompromisslose Datenschutzma\u00dfnahmen gew\u00e4hrleistet werden.<\/p>\n\n\n\n<p>Wir erkennen den Wert digitaler Lernplattformen an. Durch die Einf\u00fchrung solcher Plattformen in unserer Gemeinde wollen wir das lebenslange Lernen f\u00f6rdern und unseren B\u00fcrgerinnen und B\u00fcrger flexible Lernm\u00f6glichkeiten wie Sprachkurse, Kurse zur Nutzung neuer Technologien, Kunst- und Geisteswissenschaftskurse, Kurse zum Unternehmertum u. a. bieten.<\/p>\n\n\n\n<p>Durch einen On-Demand-Zugang zu Bildungsinhalten haben die B\u00fcrger die Freiheit, in ihrem eigenen Tempo und nach ihren eigenen W\u00fcnschen zu lernen.<\/p>\n\n\n\n<p>In Anerkennung der Tatsache, dass unsere Gemeinde vor kurzem einen Digitalbeauftragten eingestellt hat, werden wir das IT-Team verst\u00e4rken. Dies wird uns in die Lage versetzen, mit der sich schnell entwickelnden Technologie Schritt zu halten, die Effizienz und Transparenz zu verbessern und die digitale Kluft zu \u00fcberbr\u00fccken. Dar\u00fcber hinaus wird es uns dabei helfen, sicherzustellen, dass der Schutz von Daten und der Privatsph\u00e4re jederzeit Priorit\u00e4t hat.<\/p>\n\n\n\n<p><strong>Eine verst\u00e4ndliche, integrative und mehrsprachige Kommunikation.<\/strong><\/p>\n\n\n\n<p>Unsere oberste Priorit\u00e4t ist es, sicherzustellen, dass alle B\u00fcrger, einschlie\u00dflich Menschen mit Behinderungen, ohne Hindernisse auf die von der Kommunalverwaltung bereitgestellten Informationen und Dienstleistungen zugreifen k\u00f6nnen. Um dieses Ziel zu erreichen, werden wir uns bem\u00fchen, inklusive, zug\u00e4ngliche und benutzerfreundliche Webseiten und Anwendungen f\u00fcr Smartphones f\u00fcr alle zu entwickeln, unabh\u00e4ngig von ihren F\u00e4higkeiten oder Behinderungen.<\/p>\n\n\n\n<p>Um unsere Webseiten und Smartphone-Apps besser zug\u00e4nglich zu machen, wollen wir uns auf folgende Punkte konzentrieren:<\/p>\n\n\n\n<ol class=\"wp-block-list\" type=\"1\">\n<li><strong>Barrierefreiheit:<\/strong> Unsere oberste Priorit\u00e4t ist es, sicherzustellen, dass unsere Webseite und unsere Anwendungen f\u00fcr jeden leicht zug\u00e4nglich sind, auch f\u00fcr Menschen mit Seh- oder motorischen Behinderungen. Um dies zu erreichen, werden wir spezielle Funktionen einbauen, die die Benutzerfreundlichkeit verbessern, wie z. B. alternative Texte f\u00fcr Bilder und angemessene Farbkontraste. Wir verpflichten uns au\u00dferdem, eine klare und einfache Sprache zu verwenden, die es Menschen mit kognitiven Behinderungen erleichtert die Informationen zu verstehen.<\/li>\n\n\n\n<li><strong>Inklusion:<\/strong> Im Rahmen unseres Engagements f\u00fcr Inklusion erkennen wir an, dass Sprache kein Hindernis f\u00fcr den Zugang zu wichtigen Informationen der Gemeinde sein sollte. Um sicherzustellen, dass alle B\u00fcrger Zugang zu diesen Informationen haben, werden wir auf unseren Webseiten und in unseren Apps Inhalte in mehreren Sprachen bereitstellen.<\/li>\n<\/ol>\n\n\n\n<p><strong>Digitale Social-Networking-Plattform.<\/strong><\/p>\n\n\n\n<p>Unser Ziel ist es, die sozialen Interaktionen zu verbessern und das Gemeinschaftsgef\u00fchl unter den Einwohnern von Steinsel zu st\u00e4rken. Um dies zu erreichen, werden wir eine digitale Plattform f\u00fcr soziale Vernetzung einrichten, die die Bewohner virtuell miteinander verbindet. Diese Plattform w\u00e4re ein n\u00fctzliches Instrument f\u00fcr die Nachbarn, um sich gegenseitig kennenzulernen. Au\u00dferdem wird sie Funktionen enthalten, die es Nachbarn erm\u00f6glichen, Veranstaltungen zu organisieren und Gleichgesinnte f\u00fcr den Besuch lokaler Veranstaltungen zu finden.<\/p>\n\n\n\n<p>Dar\u00fcber hinaus wird die Plattform es uns erm\u00f6glichen, eine unserer Verpflichtungen aus unserem Wahlprogramm 2017 zu erf\u00fcllen, indem wir Nutzern die M\u00f6glichkeit geben, Werkzeuge und Ger\u00e4te mit ihren Nachbarn zu teilen. Die Aufnahme einer solchen Funktion in die Plattform wird Nachbarn die M\u00f6glichkeit bieten, Werkzeuge zu leihen und zu verleihen oder Ger\u00e4te wie Grills zu teilen, um Gartenpartys zu veranstalten.<\/p>\n\n\n\n<p>Dies ist ein Beispiel f\u00fcr das Modell der Kreislaufwirtschaft, das darauf abzielt, Abfall zu reduzieren und die nachhaltige Nutzung von Ressourcen zu f\u00f6rdern. Wir zielen darauf ab, Gegenst\u00e4nde so lange wie m\u00f6glich im Umlauf zu halten.<\/p>\n\n\n\n<p>Unser Ziel ist es, mithilfe dieser Plattform eine bessere vernetzte und zusammengeschwei\u00dfte Gemeinschaft in Steinsel zu schaffen.<\/p>\n\n\n\n<p><strong>Diversifizierung der Kommunikation.<\/strong><\/p>\n\n\n\n<p>Wir haben uns verpflichtet, unsere Strategien f\u00fcr die Kommunikation mit den B\u00fcrgern zu verbessern. Wie bereits erw\u00e4hnt, m\u00f6chten wir Plattformen entwickeln, die den Bed\u00fcrfnissen aller Einwohner gerecht werden, die Inklusion f\u00f6rdern und zur aktiven Teilnahme anregen. Obwohl wir die j\u00fcngsten Bem\u00fchungen des Sch\u00f6ffenrats sch\u00e4tzen, unsere Kommunikationskan\u00e4le durch soziale Medien und einen aktualisierten lokalen Newsletter zu erweitern, erkennen wir, dass er sich in den letzten Jahren nur langsam und eher z\u00f6gerlich an neue, moderne Kommunikationsformen angepasst hat. Wir sind jedoch nicht z\u00f6gerlich, da wir erkennen, dass im heutigen Zeitalter die Optimierung der Kommunikationskan\u00e4le entscheidend ist, um unsere B\u00fcrgerinnen und B\u00fcrger effektiv zu engagieren und zu informieren. Dazu geh\u00f6rt auch, dass Fragen der Opposition im Gemeindebericht \u00fcbernommen werden.<\/p>\n\n\n\n<p><strong>\u00d6ffentlicher Schreiber.<\/strong><\/p>\n\n\n\n<p>Die Gemeinde wird einen \u00f6ffentlichen Schreiber beauftragen den B\u00fcrgerinnen und B\u00fcrger bei administrativen Beh\u00f6rdeng\u00e4ngen behilflich zu sein z.B. um administrative Schreiben zu erkl\u00e4ren, bei der Beantwortung zu unterst\u00fctzen oder Kontakte herzustellen.&nbsp;&nbsp;&nbsp;&nbsp;<\/p>\n\n\n\n<p><strong>F\u00fcr eine st\u00e4rkere Beteiligung der Einwohner.<\/strong><\/p>\n\n\n\n<p>Die DP wird mehr M\u00f6glichkeiten bieten, sich aktiv an Entscheidungsprozessen auf lokaler Ebene zu beteiligen.<\/p>\n\n\n\n<p>Wir glauben fest an die F\u00f6rderung der Inklusion und des Engagements der B\u00fcrger der Gemeinde Steinsel. Das bedeutet, dass wir sicherstellen m\u00fcssen, dass alle Personen, einschlie\u00dflich der ausl\u00e4ndischen Einwohner, sich ihres Rechts bewusst sind, zu w\u00e4hlen und sogar bei Kommunalwahlen zu kandidieren. Um dies zu erreichen, erm\u00f6glichen wir es ausl\u00e4ndischen Einwohnern, sich in die W\u00e4hlerlisten eintragen zu lassen, wenn sie sich bei der Gemeinde registrieren lassen. Wir erkennen auch an, wie wichtig es ist, Neuank\u00f6mmlinge \u00fcber ihre Rechte und Pflichten zu informieren.<\/p>\n\n\n\n<p>Dar\u00fcber hinaus bem\u00fchen wir uns, die M\u00f6glichkeiten der B\u00fcrgerbeteiligung zu erweitern, indem wir sie beispielsweise in die Haushaltsaufstellung einbeziehen und junge Menschen durch Kinder- und Jugendr\u00e4te in die Verantwortung nehmen. Wir erkennen an, dass Ratssitzungen aufgrund von Termin\u00fcberschneidungen m\u00f6glicherweise nicht f\u00fcr alle zug\u00e4nglich sind. Als L\u00f6sung schlagen wir vor, die Sitzungen aufzuzeichnen und auf unserer Webseite verf\u00fcgbar zu machen oder sie live zu streamen. Durch die Umsetzung dieser Initiativen hoffen wir, eine engagiertere und integrativere Gemeinschaft zu schaffen.<\/p>\n\n\n\n<h2 class=\"wp-block-heading\">BETRIEBE<\/h2>\n\n\n\n<p>Mittelst\u00e4ndische Betriebe sind der R\u00fcckhalt gesunder Kommunen und tragen ma\u00dfgeblich zur Attraktivit\u00e4t und Belebung der Gemeinden bei. Daher verdienen der Erhalt und die Neuansiedlung von Gewerbe- und Handelsbetrieben die volle Aufmerksamkeit der Gemeindepolitik. Wir werden ganz allgemein die Prozeduren vereinfachen.<\/p>\n\n\n\n<p><strong>Erhalt vom Einzelhandel.<\/strong><\/p>\n\n\n\n<p>Die DP setzt sich daf\u00fcr ein, dass der Weg zu Basiseink\u00e4ufen und -dienstleistungen f\u00fcr die B\u00fcrger und B\u00fcrgerinnen so kurz wie m\u00f6glich bleibt. Wir werden uns weiterhin f\u00fcr den Erhalt von Einzelh\u00e4ndlern in unserer Gemeinde einsetzen. Wo dies nicht m\u00f6glich ist, werden wir uns f\u00fcr den Ausbau alternativer Modelle (mobile Zweigstelle, ambulanter Verkauf, das Aufstellen eines Geldautomaten) einsetzen.<\/p>\n\n\n\n<p><strong>Industrie- und Gewerbezonen weiter f\u00f6rdern<\/strong>.<\/p>\n\n\n\n<p>Die DP m\u00f6chte weiter auf kommunale und regionale Gewerbezonen setzen, in denen sich bereits etablierte Unternehmen entwickeln und neue Aktivit\u00e4ten anziehen k\u00f6nnen.<\/p>\n\n\n\n<p><strong>Start-up-Firmen unterst\u00fctzen.<\/strong><\/p>\n\n\n\n<p>Start-up-Unternehmen haben es nicht leicht. Oft mangelt es an n\u00f6tigem Kapital und Raum. Deshalb wollen wir R\u00e4ume und Fl\u00e4chen jungen Startups und lokalen Handwerksbetrieben kosteng\u00fcnstig zur Verf\u00fcgung stellen.<\/p>\n\n\n\n<p><strong>DP National.<\/strong><\/p>\n\n\n\n<p>Der DP-Mittelstandsminister Lex Delles f\u00f6rdert moderne Rechtsrahmen f\u00fcr neue Gesch\u00e4ftsmodelle. Die \u00dcberarbeitung des Gesetzes in Sachen Niederlassungsrecht wird f\u00fcr einen klaren Rechtsrahmen f\u00fcr neue Gesch\u00e4ftsmodelle der \u201esharing economy\u201c (z. B. <em>Uber, Airbnb<\/em>) sorgen.<\/p>\n\n\n\n<p><strong>\u201eSharing economy\u201c.<\/strong><\/p>\n\n\n\n<p>Die DP wird, gegebenenfalls in Zusammenarbeit mit Nachbargemeinden, Strukturen schaffen, um den B\u00fcrgern und B\u00fcrgerinnen zu erm\u00f6glichen, sich unterschiedliche Haushaltsgegenst\u00e4nde, wie z.B. M\u00e4hmaschinen, Bohrer oder \u00e4hnliche Ger\u00e4te, bei Bedarf auszuleihen, bzw. zu verleihen. Die DP wird ebenfalls lokale Initiativen in diesem Sinne unterst\u00fctzen.<\/p>\n\n\n\n<p><strong>\u201eRepair-Caf\u00e9s\u201c<\/strong> <strong>f\u00f6rdern.<\/strong><\/p>\n\n\n\n<p>Im Sinne der Ressourcenschonung und der Kreislaufwirtschaft soll das Reparieren von Apparaten und Gebrauchsgegenst\u00e4nden in Steinsel gef\u00f6rdert werden. Die DP wird sogenannte \u201eRepair-Caf\u00e9s\u201c, in denen man nicht nur Gegenst\u00e4nde reparieren, sondern auch Know-how erwerben kann. Solche \u201eRepair-Caf\u00e9s\u201c f\u00f6rdern auch das Zusammenleben in unserer Gemeinde.<\/p>\n\n\n\n<p><strong>Ambulanten Verkauf f\u00f6rdern.<\/strong><\/p>\n\n\n\n<p>Wir wollen den ambulanten Verkauf unterst\u00fctzen. Besonders \u00e4ltere B\u00fcrger und B\u00fcrgerinnen sind auf ambulanten Lebensmittelkauf angewiesen (rollender B\u00e4cker, fahrender Metzger, usw.).<\/p>\n\n\n\n<p><strong>Co-working Spaces ausbauen<\/strong>.<\/p>\n\n\n\n<p><em>Co-working Spaces<\/em> gelten als Orte mit einem hohen Innovations-Potenzial und werden als Alternative zum <em>Homeoffice <\/em>oder zum klassischenArbeitsplatz immer wichtiger. Zudem kann der Pendlerverkehr so um ein Vielfaches verringert werden.<\/p>\n\n\n\n<p><strong>Pop-Up Stores.<\/strong><\/p>\n\n\n\n<p>Um gegen den Leerstand im Innern der Gemeinde vorzugehen, neue Einzelh\u00e4ndler anzuziehen und den Dorfkern zu beleben, werden wir verst\u00e4rkt auf Zwischennutzungen von Gesch\u00e4ftsfl\u00e4chen setzen.<\/p>\n\n\n\n<h2 class=\"wp-block-heading\"><strong>GEMEINDEFINANZEN<\/strong><\/h2>\n\n\n\n<p>Die DP steht f\u00fcr eine vorausschauende Finanzpolitik in Form einer mittelfristigen Planung<strong>.<\/strong><\/p>\n\n\n\n<p><strong>Effizientes Haushaltsmanagement.<\/strong><\/p>\n\n\n\n<p>Wir setzen uns f\u00fcr eine wirkungsvolle Ausgabenpolitik ein und wollen \u00fcber (inter-) kommunale Einkaufszentralen zus\u00e4tzliche Mittel f\u00fcr neue Initiativen und Investitionen schaffen. Die DP wird eine Priorit\u00e4tenliste der zu leistenden Investitionen und ein mehrj\u00e4hriges Investitionsprogramm j\u00e4hrlich erstellen und so weit wie m\u00f6glich auf eigene Mittel zur\u00fcckgreifen. Wir treten f\u00fcr eine verantwortungsbewusste Verschuldungspolitik ein. Verschuldungskapazit\u00e4ten sollen nur dann genutzt werden, wenn bedarfsorientierte Investitionen in die Zukunft der Gemeinde und ihrer B\u00fcrger und B\u00fcrgerinnen notwendig sind, nicht ohne dabei die Nachfolgekosten f\u00fcr den Gemeindehaushalt aus den Augen zu verlieren.<\/p>\n\n\n\n<p><strong>Alternative Finanzierungsmodelle.<\/strong><\/p>\n\n\n\n<p>Als DP sind wir davon \u00fcberzeugt, dass viel Potenzial in der \u00f6ffentlich-privaten Finanzierung von Investitionsprojekten mit privaten Unternehmen und interessierten B\u00fcrgern steckt. Auch alternative Finanzierungskonzepte, wie zum Beispiel <em>Public Private Partnership <\/em>bei Solaranlagen oder Windr\u00e4dern, oder sozialem Wohnungsbau, sollen auf ihre Machbarkeit gepr\u00fcft und gegebenenfalls umgesetzt werden.<\/p>\n\n\n\n<p><strong>Regelm\u00e4\u00dfige Audits.<\/strong><\/p>\n\n\n\n<p>Die DP tritt daf\u00fcr ein, dass sich unsere Gemeinde in einem Rhythmus von zwei Legislaturperioden einem finanzwirtschaftlichen Audit durch ein Wirtschaftspr\u00fcfungsunternehmen unterziehen muss. Zwecks besserer Transparenz werden die Ergebnisse anschlie\u00dfend den B\u00fcrger und B\u00fcrgerinnen mitgeteilt.<\/p>\n\n\n\n<p><strong>Interkommunale Zusammenarbeit f\u00f6rdern.<\/strong><\/p>\n\n\n\n<p>Dort wo der Gemeinde Steinsel die M\u00f6glichkeit fehlt jede Infrastruktur und jeden Dienst anzubieten, werden wir verst\u00e4rkt auf eine interkommunale Kooperation setzen. Dies erlaubt es Synergien bei bestehenden Strukturen, Dienstleistungen und neuen Infrastrukturprojekten als auch den Erwerb von Gro\u00dfmaschinen zu nutzen.<\/p>\n\n\n\n<p><strong>Gemeindeverschuldung.<\/strong><\/p>\n\n\n\n<p>Viele Investitionen sind angekurbelt oder sollen noch get\u00e4tigt werden. Die DP sieht ein, dass diese Investitionen im Interesse unserer Gemeinde notwendig sind. Wir k\u00f6nnen zwar feststellen, dass etliche Unterlassungen w\u00e4hrend der vergangenen Jahrzehnte die Situation schwierig machen. Da wir nach vorne schauen, werden wir alles tun, um die anstehenden finanziellen Lasten kompetent zu verwalten.<\/p>\n","protected":false},"excerpt":{"rendered":"<p>Anmerkung f\u00fcr alle folgenden Texte des DP-Programms: Die nachfolgenden Ideen sind alle auch f\u00fcr Menschen mit Behinderung oder eingeschr\u00e4nkter Bewegung m\u00f6glich. FAMILIE Eltern sein ist nicht immer einfach, sondern ein Beruf, den wir nicht erlernt haben. Um die interessierten Eltern zu unterst\u00fctzen, wird die DP folgende Angebote hier in der Gemeinde aufbauen: \u201eEltereschoul\u201c. In der [&hellip;]<\/p>\n","protected":false},"author":378,"featured_media":0,"comment_status":"closed","ping_status":"closed","sticky":false,"template":"","format":"standard","meta":{"footnotes":""},"categories":[1],"tags":[],"class_list":["post-712","post","type-post","status-publish","format-standard","hentry","category-news","wpbf-post"],"_links":{"self":[{"href":"https:\/\/www.dp.lu\/steesel\/wp-json\/wp\/v2\/posts\/712","targetHints":{"allow":["GET"]}}],"collection":[{"href":"https:\/\/www.dp.lu\/steesel\/wp-json\/wp\/v2\/posts"}],"about":[{"href":"https:\/\/www.dp.lu\/steesel\/wp-json\/wp\/v2\/types\/post"}],"author":[{"embeddable":true,"href":"https:\/\/www.dp.lu\/steesel\/wp-json\/wp\/v2\/users\/378"}],"replies":[{"embeddable":true,"href":"https:\/\/www.dp.lu\/steesel\/wp-json\/wp\/v2\/comments?post=712"}],"version-history":[{"count":4,"href":"https:\/\/www.dp.lu\/steesel\/wp-json\/wp\/v2\/posts\/712\/revisions"}],"predecessor-version":[{"id":722,"href":"https:\/\/www.dp.lu\/steesel\/wp-json\/wp\/v2\/posts\/712\/revisions\/722"}],"wp:attachment":[{"href":"https:\/\/www.dp.lu\/steesel\/wp-json\/wp\/v2\/media?parent=712"}],"wp:term":[{"taxonomy":"category","embeddable":true,"href":"https:\/\/www.dp.lu\/steesel\/wp-json\/wp\/v2\/categories?post=712"},{"taxonomy":"post_tag","embeddable":true,"href":"https:\/\/www.dp.lu\/steesel\/wp-json\/wp\/v2\/tags?post=712"}],"curies":[{"name":"wp","href":"https:\/\/api.w.org\/{rel}","templated":true}]}}