{"id":723,"date":"2023-05-24T20:28:03","date_gmt":"2023-05-24T20:28:03","guid":{"rendered":"https:\/\/www.dp.lu\/steesel\/?p=723"},"modified":"2023-05-24T20:28:05","modified_gmt":"2023-05-24T20:28:05","slug":"no-bei-dir-favoriser-le-vivre-ensemble-au-sein-de-la-commune","status":"publish","type":"post","link":"https:\/\/www.dp.lu\/steesel\/no-bei-dir-favoriser-le-vivre-ensemble-au-sein-de-la-commune\/","title":{"rendered":"\u201eNo bei dir\u201c &#8211; Favoriser le vivre-ensemble au sein de la commune."},"content":{"rendered":"\n<p>Remarque pour tous les textes suivants du programme DP&nbsp;:<\/p>\n\n\n\n<p>Les id\u00e9es ci-dessous sont toutes applicables pour les personnes handicap\u00e9es ou \u00e0 mobilit\u00e9 r\u00e9duite.<\/p>\n\n\n\n<h2 class=\"wp-block-heading\"><strong>FAMIL<\/strong>LE<\/h2>\n\n\n\n<p>\u00catre parent n\u2019est pas toujours facile, c\u2019est un m\u00e9tier que nous n\u2019avons pas appris. Pour soutenir les parents int\u00e9ress\u00e9s, le DP va mettre en place les offres suivantes dans la commune&nbsp;:<\/p>\n\n\n\n<p><strong>Ecole pour les parents.<\/strong><\/p>\n\n\n\n<p>A l\u2019\u00e9cole des parents, les m\u00e8res et les p\u00e8res peuvent obtenir des informations sur leurs questions ou soucis personnels concernant l\u2019\u00e9ducation des enfants, le d\u00e9veloppement des enfants, la conduite de conversations avec les jeunes \u00e0 diff\u00e9rents \u00e2ges et d\u2019autres points. Des cours ou des r\u00e9unions pour les parents ou les grands-parents seront organis\u00e9s par un personnel qualifi\u00e9 afin de soutenir la parentalit\u00e9.<\/p>\n\n\n\n<p><strong>Caf\u00e9 des parents<\/strong>.<\/p>\n\n\n\n<p>\u00c0 intervalles r\u00e9guliers, des parents isol\u00e9s, des parents ou des futurs parents se r\u00e9uniront dans un lieu convivial pour \u00e9changer leurs points de vue. En se retrouvant ensemble, avec ou sans enfants, on \u00e9change des id\u00e9es et on noue de nouveaux contacts. De nombreuses difficult\u00e9s li\u00e9es \u00e0 la parentalit\u00e9 trouveront ainsi une solution.<\/p>\n\n\n\n<p><strong>Rencontre de femmes.<\/strong><\/p>\n\n\n\n<p>Nous proposerons un lieu de rencontre pour les femmes de tous \u00e2ges. Ceci avec les avantages suivants&nbsp;: des \u00e9changes entre femmes, de sorte que l\u2019exp\u00e9rience de vie des citoyennes plus \u00e2g\u00e9es soit \u00e9galement mise \u00e0 profit. Ce sera un lieu de retrait du quotidien, de d\u00e9tente, que ce soit par la lecture ou en communaut\u00e9, pour les activit\u00e9s de loisirs communes. Gr\u00e2ce \u00e0 ces rencontres entre les femmes concern\u00e9es, le sentiment de solitude est diminu\u00e9, le contact social est encourag\u00e9 et de nouvelles amiti\u00e9s peuvent na\u00eetre. Un point de rencontre o\u00f9 les femmes trouvent, pour quelques minutes ou plus longtemps, un lieu de s\u00e9jour non perturb\u00e9.<\/p>\n\n\n\n<h2 class=\"wp-block-heading\"><strong>ENFANCE<\/strong><\/h2>\n\n\n\n<p><strong>Aires de jeux.<\/strong><\/p>\n\n\n\n<p>Moderne et diversifi\u00e9e, une commune n\u2019en a jamais trop. Ils devraient \u00eatre disponibles \u00e0 diff\u00e9rents endroits des villages (Steinsel, Heisdorf, Mullendorf).<\/p>\n\n\n\n<p><strong>Bancs et tables.<\/strong><\/p>\n\n\n\n<p>Le long des voies pi\u00e9tonnes, des pistes cyclables et des aires de jeux, les bancs ne sont pas seulement utiles pour se reposer, ils favoriseront aussi le contact humain, un facteur tr\u00e8s important pour le DP.<\/p>\n\n\n\n<p><strong>Le conseil municipal des jeunes est d\u00e9velopp\u00e9.<\/strong><\/p>\n\n\n\n<p>Notre futur \u00e9lectorat doit \u00e9galement avoir l\u2018occasion d\u2019apprendre comment fonctionne la commune et comment il est possible d\u2019exprimer son opinion. Une participation obligatoire de la repr\u00e9sentation des jeunes sur les sujets qui les concernent est essentielle.<\/p>\n\n\n\n<p><strong>Cours de baby-sitting.<\/strong><\/p>\n\n\n\n<p>Ils seront propos\u00e9s s\u2019il y a une demande.<\/p>\n\n\n\n<p><strong>La cr\u00e8che<\/strong>.<\/p>\n\n\n\n<p>Elle occupe une place importante dans le service de garde des enfants. Cependant, il n\u2019est pas acceptable que 50 enfants de notre commune attendent qu\u2019une place se lib\u00e8re dans les cr\u00e8ches. Une solution doit \u00eatre trouv\u00e9e rapidement afin que toutes les demandes soient satisfaites.<\/p>\n\n\n\n<h2 class=\"wp-block-heading\"><strong><strong>LIEUX DE RENCONTRE POUR LES JEUNES<\/strong><\/strong><\/h2>\n\n\n\n<p>Il nous semble indispensable de mettre \u00e0 la disposition des jeunes et des adolescents un lieu qui leur soit propre.<\/p>\n\n\n\n<p><strong>Places pour les jeunes.<\/strong><\/p>\n\n\n\n<p>Nous am\u00e9nagerons des places pour les jeunes qui seront \u00e9galement accessibles en voiture. Nous les \u00e9quiperons de bancs corrects, de tables, de poubelles en suffisance et d\u2019une aire de pique-nique. Il est toujours important de se retrouver entre amis. Il va de soi que les visites de ces lieux de rencontre soient limit\u00e9es dans le temps afin de ne pas perturber le repos nocturne des habitants.<\/p>\n\n\n\n<p><strong>La maison des jeunes.<\/strong><\/p>\n\n\n\n<p>Sous la direction de la Croix-Rouge, la maison des jeunes de la commune de Steinsel propose de nombreuses activit\u00e9s. Nous soutiendrons cette institution, car de nombreux jeunes y trouvent un point de contact important pour leurs activit\u00e9s de loisir.<\/p>\n\n\n\n<p><strong>\u00ab&nbsp;Plage de Steinsel&nbsp;\u00bb.<\/strong><\/p>\n\n\n\n<p>Pendant les mois d\u2019\u00e9t\u00e9, les habitants et leurs amis pourront se r\u00e9unir dans un lieu sp\u00e9cialement am\u00e9nag\u00e9 \u00e0 cette fin. Les associations de village int\u00e9ress\u00e9es auront la possibilit\u00e9 d\u2019organiser des barbecues et de vendre des boissons. Pour le DP, c\u2019est une occasion suppl\u00e9mentaire de se retrouver dans un cadre convivial. Certaines communes ont d\u00e9j\u00e0 r\u00e9alis\u00e9 de tels projets.<\/p>\n\n\n\n<p><strong>L\u2019espace graffiti reste un sujet de pr\u00e9occupation.<\/strong><\/p>\n\n\n\n<p>Le DP organisera des week-ends de graffiti. Sous la direction de professionnels, toutes les personnes int\u00e9ress\u00e9es pourront participer et exposer leurs dessins le long des chemins ou dans les parcs. C\u2019est un changement cr\u00e9atif pour nous tous.<\/p>\n\n\n\n<p><strong>Les associations de village.<\/strong><\/p>\n\n\n\n<p>Nous continuerons \u00e0 soutenir les associations, aussi financi\u00e8rement, car l\u2019activit\u00e9 b\u00e9n\u00e9vole des responsables est vitale pour une coexistence attrayante. Des localit\u00e9s inanim\u00e9es sans clubs ont un impact pr\u00e9judiciable sur la vie sociale.<\/p>\n\n\n\n<h2 class=\"wp-block-heading\"><strong>\u00c9DUCATION<\/strong><\/h2>\n\n\n\n<p><strong>La langue \u00e9trang\u00e8re<\/strong>.<\/p>\n\n\n\n<p>Elle constitue un \u00e9l\u00e9ment important de liaison entre les personnes.<\/p>\n\n\n\n<p><strong>Les liens de jumelage.<\/strong><\/p>\n\n\n\n<p>Le DP permettra de relancer et de d\u00e9velopper les jumelages. De cette mani\u00e8re, de nouveaux contacts avec d\u2019autres cultures ainsi qu\u2019avec une langue \u00e9trang\u00e8re se formeront dans le cadre d\u2019\u00e9changes et de visites, ce qui constituera un enrichissement pour tous les participants.<\/p>\n\n\n\n<p><strong>Le d\u00e9placement des classes \u00e0 l\u2019int\u00e9rieur du Luxembourg.<\/strong><strong><\/strong><\/p>\n\n\n\n<p>Quelques jours au bord d\u2019un lac ou dans une auberge de jeunesse du pays, combin\u00e9s avec des excursions et des informations historiques ou locales, aideront nos \u00e9coliers \u00e0 mieux conna\u00eetre le pays dans lequel ils vivent.<\/p>\n\n\n\n<p><strong>Cours d\u2018appui en technologies num\u00e9riques.<\/strong><\/p>\n\n\n\n<p>Le DP introduira des cours pour tous les habitants afin que chacun ait l\u2019occasion de se familiariser avec le monde de l\u2019informatique.<\/p>\n\n\n\n<p><strong>Communication, m\u00e9diation, m\u00e9ditation<\/strong>.<\/p>\n\n\n\n<p>Nous introduirons des concepts dans ces domaines en tant que projets pilotes.<\/p>\n\n\n\n<h2 class=\"wp-block-heading\"><strong>SENIORS ET POLITIQUE SOCIALE<\/strong><\/h2>\n\n\n\n<p><strong>Offres mobiles.<\/strong><\/p>\n\n\n\n<p>Ces services, par exemple du boulanger, de l\u2019\u00e9picier, de la&nbsp;\u00ab&nbsp;Superdrecksk\u00ebscht&nbsp;\u00bb, etc \u2026 &nbsp;seront propos\u00e9s aux r\u00e9sidents qui ont des difficult\u00e9s de quitter leur domicile. Ils pourront b\u00e9n\u00e9ficier de ces services par le biais d\u2019inscriptions.<\/p>\n\n\n\n<p><strong>\u00ab&nbsp;Poterk\u00ebscht&nbsp;\u00bb ou \u00ab&nbsp;Caf\u00e9 des Langues&nbsp;\u00bb.<\/strong><\/p>\n\n\n\n<p>Ces rencontres sont accessibles \u00e0 tous. A cette occasion, les habitants auront la possibilit\u00e9 d\u2019apprendre notre langue nationale, le luxembourgeois. Cela contribue \u00e0 simplifier notre vie commune.<\/p>\n\n\n\n<p><strong>Commune antigaspi.<\/strong><\/p>\n\n\n\n<p>Le gaspillage de denr\u00e9es alimentaires ne peut pas laisser notre soci\u00e9t\u00e9 indiff\u00e9rente.<\/p>\n\n\n\n<p>Nous r\u00e9utiliserons les aliments encore bons et utilisables, par exemple ceux des cantines scolaires, ou nous les donnerons de mani\u00e8re cibl\u00e9e \u00e0 des organisations dans le besoin. Il sera \u00e9galement possible de proposer ces portions de repas \u00e0 un tarif r\u00e9duit dans un lieu pr\u00e9vu \u00e0 cet effet.<\/p>\n\n\n\n<p><strong>Groupe d\u2019\u00e2ge de plus de 60 ans.<\/strong><\/p>\n\n\n\n<p>Les habitants \u00e2g\u00e9s de la commune trouveront dans notre commune une grande offre d\u2019activit\u00e9s de loisirs culturelles et sportives. Le club \u00ab&nbsp;Uelzechtdall&nbsp;\u00bb, auquel la commune de Steinsel est \u00e9galement affili\u00e9e, est soutenu, de m\u00eame que toutes les autres associations qui s\u2019adressent \u00e0 ce groupe d\u2019\u00e2ge.<\/p>\n\n\n\n<p><strong>\u201eGutt Wunnen\u201c.<\/strong><\/p>\n\n\n\n<p>Une initiative cr\u00e9\u00e9e en 2022 entre l\u2019office social de Steinsel\/Lorentzweiler et l\u2019office social de Mersch (Mersch, Lintgen, Helperknapp, Bissen) a pour objectif de g\u00e9rer les quelque 60 logements sociaux dont ils disposent, ainsi que d\u2019int\u00e9grer dans leur offre les logements vacants propos\u00e9s par des particuliers et de les louer \u00e0 un prix abordable. L\u2019office social de la commune de Steinsel apportera son soutien dans cette d\u00e9marche.<\/p>\n\n\n\n<h2 class=\"wp-block-heading\"><strong>UNE VIE EN COMMUNAUT\u00c9 ATTRAYANTE<\/strong><\/h2>\n\n\n\n<p>Une commune propre et s\u00fbre est importante pour nous. Nos trottoirs et nos pelouses, qu\u2019ils soient publics ou priv\u00e9s, doivent rester propres.<\/p>\n\n\n\n<p><strong>Un march\u00e9 nocturne.<\/strong><\/p>\n\n\n\n<p>A intervalles r\u00e9guliers, un \u00ab&nbsp;Owesmaart&nbsp;\u00bb sera offert aux habitants apr\u00e8s leur travail, ceci avec des produits locaux et r\u00e9gionaux.<\/p>\n\n\n\n<p><strong>Espaces chiens et parcours canins attrayants.<\/strong><\/p>\n\n\n\n<p>Des espaces cl\u00f4tur\u00e9s pour chiens, \u00e9quip\u00e9s avec une fontaine, des sacs et des poubelles, pourraient servir de toilettes \u00e0 nos fid\u00e8les compagnons. Un parcours canin am\u00e9nag\u00e9 sera \u00e0 la disposition des personnes int\u00e9ress\u00e9es.<\/p>\n\n\n\n<p>En responsabilisant chaque propri\u00e9taire de chien et en ramassant les d\u00e9jections canines, les disputes entre les citoyens seront r\u00e9duites et notre cohabitation sera plus conviviale.<\/p>\n\n\n\n<p><strong>Le parcours de VTT.<\/strong><\/p>\n\n\n\n<p>Le DP le rendra plus s\u00fbr, afin que les randonneurs et les v\u00e9t\u00e9tistes ne se g\u00eanent pas. Sur les chemins de randonn\u00e9e habituels, chaque participant doit s\u2019efforcer de cohabiter en bonne intelligence.<\/p>\n\n\n\n<p><strong>B\u00e2timents communaux insonoris\u00e9s.<\/strong><\/p>\n\n\n\n<p>Afin que tous les participants se sentent \u00e0 l\u2019aise lors des manifestations et que des discussions, des conf\u00e9rences ou des concerts de bonne qualit\u00e9 acoustique soient possibles, nous allons, en tant que DP, \u00e9quiper les b\u00e2timents communaux d\u2019une insonorisation optimale.<\/p>\n\n\n\n<h2 class=\"wp-block-heading\"><strong>SPORT<\/strong><\/h2>\n\n\n\n<p><strong>Parcours de sant\u00e9 et aire de jeux.<\/strong><\/p>\n\n\n\n<p>Le parcours de sant\u00e9 et l\u2019aire de jeux du plateau de Steinsel seront partiellement r\u00e9nov\u00e9s et rendus plus attrayants afin que l\u2019excursion dans la nature soit d\u00e9contract\u00e9e pour tous les membres de la famille.<\/p>\n\n\n\n<p><strong>Aire de jeux multig\u00e9n\u00e9rationnelle.<\/strong><\/p>\n\n\n\n<p>Elle r\u00e9unit adultes et enfants pour faire du sport et s\u2019amuser ensemble.<\/p>\n\n\n\n<p><strong>La s\u00e9curit\u00e9 lors des manifestations sportives<\/strong><\/p>\n\n\n\n<p>qui pourraient g\u00eaner la circulation routi\u00e8re, doit \u00eatre constamment repens\u00e9e et adapt\u00e9e, et ce avec toutes les personnes concern\u00e9es (responsables communaux, associations, police \u2026). Ainsi les sources de danger peuvent \u00eatre identifi\u00e9es et \u00e9vit\u00e9es \u00e0 temps et ces activit\u00e9s se d\u00e9rouler de mani\u00e8re d\u00e9tendue.<\/p>\n\n\n\n<h2 class=\"wp-block-heading\"><strong>CULTURE<\/strong><\/h2>\n\n\n\n<p><a><strong>\u00c9<\/strong><\/a><strong>cole de musique.<\/strong><\/p>\n\n\n\n<p>L\u2018Ecole de musique ainsi que les cours de l\u2019UGDA resteront \u00e0 la disposition de toutes les personnes int\u00e9ress\u00e9es, ceci gr\u00e2ce \u00e0 l\u2019engagement des professeurs impliqu\u00e9s.<\/p>\n\n\n\n<p><strong>Art \u00e0 l\u2019<a>\u00c9<\/a>cole.<\/strong><\/p>\n\n\n\n<p>Si la demande existe, \u00ab&nbsp;Art \u00e0 l\u2019Ecole&nbsp;\u00bb sera d\u00e9velopp\u00e9 en tant qu\u2019acad\u00e9mie d\u2019\u00e9t\u00e9.<\/p>\n\n\n\n<p><strong>Comit\u00e9 du Souvenir \u2013 \u00ab&nbsp;Steeseler Duerfgeschicht&nbsp;\u00bb.<\/strong> Nous trouvons de nombreux souvenirs int\u00e9ressants dans notre commune. Ceux-ci seront expliqu\u00e9s par des conf\u00e9rences, des expositions de photos, des visites guid\u00e9es par un personnel qualifi\u00e9.<\/p>\n\n\n\n<h2 class=\"wp-block-heading\"><strong><strong>DES COMMUNES S\u00dbRES.<\/strong><\/strong><\/h2>\n\n\n\n<p>Le DP Steinsel est d\u00e9termin\u00e9 \u00e0 assurer la s\u00e9curit\u00e9, le bien-\u00eatre et la s\u00fbret\u00e9 de ses citoyens et estime que l&#8217;autorit\u00e9 locale a un r\u00f4le important \u00e0 jouer dans la r\u00e9alisation de cet objectif. Apr\u00e8s m\u00fbre r\u00e9flexion, le DP a identifi\u00e9 les domaines suivants qui n\u00e9cessitent des am\u00e9liorations.<\/p>\n\n\n\n<p><strong>La s\u00e9curit\u00e9 routi\u00e8re.<\/strong><\/p>\n\n\n\n<p>Tout d&#8217;abord, la s\u00e9curit\u00e9 routi\u00e8re a \u00e9t\u00e9 identifi\u00e9e comme une pr\u00e9occupation majeure, de nombreux habitants ayant signal\u00e9 de mauvaises conditions dans les zones r\u00e9sidentielles et autour des \u00e9coles. Pour r\u00e9soudre ce probl\u00e8me, le DP propose de mettre en \u0153uvre des mesures suppl\u00e9mentaires telles que des panneaux de dialogue indiquant la vitesse des conducteurs, la r\u00e9alisation de ralentisseurs et d\u2019\u00eelots de circulation pour apaiser le trafic et s&#8217;assurer que les conducteurs respectent les limitations de vitesse.<\/p>\n\n\n\n<p><strong>Violence domestique.<\/strong><\/p>\n\n\n\n<p>Le DP reconna\u00eet les taux inqui\u00e9tants de violence domestique au Luxembourg et pr\u00e9voit de mettre en place un point de contact local afin d\u2019offrir soutien et assistance aux victimes de violence. En outre, le DP a l&#8217;intention de mener des campagnes de pr\u00e9vention efficaces pour sensibiliser aux comportements violents et \u00e0 la gamme de services d&#8217;aide sociale \u00e0 la disposition des victimes.<\/p>\n\n\n\n<p><strong>Protection contre les cambriolages.<\/strong><\/p>\n\n\n\n<p>Il est essentiel de sensibiliser le public \u00e0 la lutte contre les cambriolages, surtout en p\u00e9riode de forte activit\u00e9 comme les vacances et la haute saison. C&#8217;est pourquoi le DP estime que les municipalit\u00e9s doivent jouer un r\u00f4le actif dans l&#8217;\u00e9ducation des citoyens sur la mani\u00e8re de se prot\u00e9ger.<\/p>\n\n\n\n<p><strong>Infractions de stationnement.<\/strong><\/p>\n\n\n\n<p>Les infractions au stationnement sont un probl\u00e8me persistant \u00e0 Steinsel. Pour y rem\u00e9dier, le DP pr\u00e9voit d&#8217;engager un agent de stationnement suppl\u00e9mentaire qui veillera \u00e0 ce que les places de parking de Steinsel soient utilis\u00e9es conform\u00e9ment \u00e0 leur destination.<\/p>\n\n\n\n<p><strong>Nouveau site pour les pompiers.<\/strong><\/p>\n\n\n\n<p>Le DP poursuit l\u2019objectif de d\u00e9placer les pompiers de leur emplacement actuel dans le complexe scolaire de Steinsel vers un lieu plus strat\u00e9gique et plus accessible. Le DP sugg\u00e8re de collaborer avec le CGDIS afin de choisir un nouveau site appropri\u00e9, en envisageant des options telles que Hortulux ou Elterstrachen. Un tel changement de site garantirait que les services d&#8217;urgence soient facilement accessibles aux citoyens et citoyennes concern\u00e9s.<\/p>\n\n\n\n<h1 class=\"wp-block-heading\"><strong><strong>Une infrastructure tourn\u00e9e vers l\u2019avenir au sein de la commune<\/strong><\/strong><\/h1>\n\n\n\n<h2 class=\"wp-block-heading\"><strong>MOBILIT<\/strong>E<\/h2>\n\n\n\n<p>Nos demandes de longue date pour disposer de suffisamment de places de stationnement au centre de Steinsel ont \u00e9t\u00e9 prises en compte. Les travaux pour un parking souterrain ont commenc\u00e9. Le \u00ab&nbsp;Shared Space&nbsp;\u00bb projet\u00e9 \u00e0 Steinsel contribuera \u00e0 apaiser le trafic et \u00e0 am\u00e9liorer la qualit\u00e9 de vie.<\/p>\n\n\n\n<p>Nous \u00e9laborerons un plan de d\u00e9veloppement des transports pour l\u2019ensemble de la commune afin de permettre une continuation coordonn\u00e9e dans le domaine de la mobilit\u00e9 et des transports.<\/p>\n\n\n\n<p>Il s\u2019agit notamment d\u2019infrastructures de rechange pour les voitures \u00e9lectriques et d\u2019\u00e9tendre les zones \u00e0 30 km\/h dans la mesure du possible. Les panneaux de dialogue peuvent rendre de pr\u00e9cieux services \u00e0 cet \u00e9gard.<\/p>\n\n\n\n<p>Le DP installera, si n\u00e9cessaire, des abribus pr\u00e8s des arr\u00eats de bus.<\/p>\n\n\n\n<p><strong>Stationnement.<\/strong><\/p>\n\n\n\n<p>La dur\u00e9e maximale de stationnement sur les parkings publics devrait \u00eatre comprise entre 1 et 3 heures afin d\u2019\u00e9viter les stationnements prolong\u00e9s inutiles.<\/p>\n\n\n\n<p>Nous allons introduire \u00e0 Steinsel l\u2019application de stationnement existante et tr\u00e8s appr\u00e9ci\u00e9e \u00e0 Luxembourg-Ville.<\/p>\n\n\n\n<p><strong>S\u00e9curit\u00e9.<\/strong><\/p>\n\n\n\n<p>La s\u00e9curit\u00e9 sur les chemins pi\u00e9tonniers, les chemins scolaires, les pistes cyclables est pour nous une priorit\u00e9, un \u00e9clairage ad\u00e9quat \u00e9tant par exemple n\u00e9cessaire.<\/p>\n\n\n\n<p><strong>D\u00e9velopper le syst\u00e8me Vel\u2019oh<\/strong>.<\/p>\n\n\n\n<p>Nous nous engageons en outre pour une extension jusqu\u2019\u00e0 Steinsel, du syst\u00e8me Vel\u2019oh, ainsi que pour suffisamment d\u2019emplacements et de boxes \u00e0 v\u00e9los.<\/p>\n\n\n\n<p><strong>Navette de bus et transport en bus.<\/strong><\/p>\n\n\n\n<p>Afin de rendre l\u2019utilisation des liaisons ferroviaires aussi attractive que possible, la cr\u00e9ation d\u2019un bus de desserte de la gare de Heisdorf \u00e0 Steinsel est un point important pour nous. Nous estimons \u00e9galement qu\u2019il est n\u00e9cessaire d\u2019agir au niveau des liaisons de bus de nuit et des possibilit\u00e9s de trains de nuit.<\/p>\n\n\n\n<p>Pour toutes les nouvelles acquisitions, le parc roulant de la commune sera \u00e9quip\u00e9 en priorit\u00e9 de v\u00e9hicules durables.<\/p>\n\n\n\n<p>Nous continuerons \u00e0 promouvoir le mod\u00e8le \u00ab&nbsp;bus sur appel&nbsp;\u00bb. Nous allons \u00e9quiper les arr\u00eats de bus de panneaux d\u2019affichage num\u00e9riques.<\/p>\n\n\n\n<p>Les encoches aux arr\u00eats de bus sont utiles, surtout en ce qui concerne la s\u00e9curit\u00e9 des enfants. Cela permet \u00e9galement de r\u00e9duire les obstacles inutiles \u00e0 la circulation.<\/p>\n\n\n\n<p><strong>PN18 : le passage \u00e0 niveau \u00e0 Heisdorf.<\/strong><\/p>\n\n\n\n<p>Ce point est un sujet r\u00e9current dans notre commune. Une bonne solution n\u2019a pas encore \u00e9t\u00e9 trouv\u00e9e. Nous voulons rediscuter le projet avec toutes les instances concern\u00e9es (CFL, Ponts et Chauss\u00e9es, etc.) afin d\u2019\u00e9tudier la possibilit\u00e9 d\u2019un passage inf\u00e9rieur ou sup\u00e9rieur pour les voitures. Pour l\u2019instant, il existe un plan, qui ne donne pas satisfaction, pour un passage souterrain pour les v\u00e9los et les pi\u00e9tons. Nous voulons absolument \u00e9liminer ce point dangereux.<\/p>\n\n\n\n<h2 class=\"wp-block-heading\"><strong>LOGEMENT<\/strong><\/h2>\n\n\n\n<p><strong>Moins d\u2019obstacles bureaucratiques<\/strong>.<\/p>\n\n\n\n<p>Nous souhaitons d\u00e9velopper l\u2018initiative bienvenue de \u00ab&nbsp;Gutt Wunnen&nbsp;\u00bb en un office du logement, en collaboration avec nos communes voisines, afin de pouvoir encore mieux proposer des logements abordables.<\/p>\n\n\n\n<p>Les nouveaux projets de logement devraient \u00eatre mis en \u0153uvre plus rapidement, avec moins de charges bureaucratiques et des proc\u00e9dures d\u2019autorisation acc\u00e9l\u00e9r\u00e9es.<\/p>\n\n\n\n<p>En outre, nous pr\u00e9conisons de cr\u00e9er davantage de volume de construction en imperm\u00e9abilisant moins de sol, par exemple en construisant des b\u00e2timents plus hauts. Ce faisant, nous n\u2019abandonnerons pas notre objectif d\u2019une structure communale rurale. Il serait \u00e9galement possible de promouvoir des unit\u00e9s d\u2018habitation plus petites, dans la mesure o\u00f9 elles sont compatibles avec les id\u00e9es des futurs propri\u00e9taires.<\/p>\n\n\n\n<p>La location \u00e0 dur\u00e9e limit\u00e9e \u00e0 des jeunes r\u00e9sidents, qui leur permettra de se construire une existence s\u00fbre, pourra \u00e9galement contribuer \u00e0 r\u00e9soudre le probl\u00e8me. Une limitation dans le temps \u00e0 7 ans permettrait \u00e0 de nombreux jeunes de constituer leurs propres r\u00e9serves et de devenir ainsi propri\u00e9taires de leur logement.<\/p>\n\n\n\n<p><strong>Logement abordable.<\/strong><\/p>\n\n\n\n<p>Ce sujet reste pour nous une priorit\u00e9, par exemple aussi en soutenant les maisons interg\u00e9n\u00e9rationnelles, les logements pour jeunes, les logements modulaires.<\/p>\n\n\n\n<p>Nous allons assouplir les prescriptions en mati\u00e8re d\u2019obligation de places de stationnement.<\/p>\n\n\n\n<h1 class=\"wp-block-heading\"><strong><strong>Une commune durable<\/strong><\/strong><\/h1>\n\n\n\n<h2 class=\"wp-block-heading\"><strong><strong>Une commune durable<\/strong><\/strong><\/h2>\n\n\n\n<p>La protection de la nature et la pr\u00e9servation de l\u2019habitat naturel sont notre premi\u00e8re priorit\u00e9.<\/p>\n\n\n\n<p><strong>La renaturation de l\u2019Alzette et la zone de loisirs de proximit\u00e9.<\/strong><\/p>\n\n\n\n<p>Nous avons fait de ce projet notre objectif d\u00e9clar\u00e9 depuis 30 ans. Actuellement, les choses avancent enfin dans la bonne direction. Nous allons associer la renaturation \u00e0 la cr\u00e9ation d\u2019une zone de loisirs de proximit\u00e9, qui offrira de multiples possibilit\u00e9s de rencontre et de d\u00e9tente au centre de la commune. Par ailleurs, nous utiliserons toutes les options pour int\u00e9grer la renaturation dans la gestion pr\u00e9ventive d\u2019\u00e9ventuelles inondations.<\/p>\n\n\n\n<p><strong>D\u00e9tente<\/strong>.<\/p>\n\n\n\n<p>Nous allons recenser et d\u00e9velopper le r\u00e9seau de sentiers de randonn\u00e9e existant. Les parcours de VTT pourraient \u00eatre officialis\u00e9s, s\u00e9curis\u00e9s, et si possible compl\u00e9t\u00e9s.<\/p>\n\n\n\n<p><strong>Sources et environnement.<\/strong><\/p>\n\n\n\n<p>Nous assainirons et utiliserons nos propres sources dans la mesure du possible. Nous encouragerons de mani\u00e8re g\u00e9n\u00e9rale le verdissement de la commune, pour une meilleure protection des sols et une biodiversit\u00e9 accrue.<\/p>\n\n\n\n<p>Le parrainage d\u2019espaces verts publics permet de mettre en \u0153uvre de nouvelles id\u00e9es cr\u00e9atives.<\/p>\n\n\n\n<p>L\u2019utilisation de l\u2019eau de pluie et de l\u2019eau industrielle doit \u00eatre encourag\u00e9e.<\/p>\n\n\n\n<p><strong>Centre de recyclage.<\/strong><\/p>\n\n\n\n<p>Le DP va enfin d\u00e9placer le centre de recyclage pr\u00e8s du pont de l\u2019Alzette \u00e0 Mullendorf. L\u2019id\u00e9al serait un projet de partenariat avec la commune de Walferdange dans la zone industrielle de Steinsel. Les obstacles qui existent actuellement peuvent \u00eatre r\u00e9solus, mais ils exigent un engagement fort.<\/p>\n\n\n\n<h2 class=\"wp-block-heading\"><strong>ENERGIE<\/strong><\/h2>\n\n\n\n<p><strong>R\u00f4le de mod\u00e8le \u00e0 vivre.<\/strong><\/p>\n\n\n\n<p>Les pouvoirs publics doivent assumer leur r\u00f4le de mod\u00e8le en mati\u00e8re d\u2019\u00e9nergies renouvelables et d\u2019efficacit\u00e9 \u00e9nerg\u00e9tique en se tournant vers les technologies qui s\u2019imposent. Le DP esp\u00e8re, par cette approche, donner une impulsion \u00e0 la production et \u00e0 la recherche en mati\u00e8re d\u2019\u00e9nergies renouvelables.<\/p>\n\n\n\n<p>Le DP veut d\u00e9velopper les \u00e9nergies renouvelables \u00e0 Steinsel, r\u00e9nover les b\u00e2timents communaux sur le plan \u00e9nerg\u00e9tique et augmenter l\u2019efficacit\u00e9 \u00e9nerg\u00e9tique. Nous sommes \u00e9galement favorables \u00e0 une utilisation respectueuse de nos ressources naturelles. Le DP tiendra compte des principes de l\u2019\u00e9conomie circulaire dans tous les domaines.<\/p>\n\n\n\n<p><strong>D\u00e9velopper l\u2019approvisionnement en \u00e9lectricit\u00e9 neutre pour le climat.<\/strong><\/p>\n\n\n\n<p>Le DP exploitera au maximum le potentiel de production d\u2019\u00e9nergie renouvelable de la commune de Steinsel. Il convient d\u2019alimenter le plus rapidement possible les b\u00e2timents publics (administration communale, \u00e9cole, salle de sport, \u00e9glise, etc.) en \u00e9lectricit\u00e9 issue d\u2019une production locale. Pour ce faire, nous d\u00e9velopperons syst\u00e9matiquement l\u2019installation et l\u2019utilisation d\u2019\u00e9quipements photovolta\u00efques sur les toits communaux. Le cas \u00e9ch\u00e9ant, les exc\u00e9dents pourront \u00eatre vendus et inject\u00e9s dans le r\u00e9seau. Par ailleurs, nous sommes en principe favorables \u00e0 la cr\u00e9ation de partenariats avec des coop\u00e9ratives \u00e9nerg\u00e9tiques locales et r\u00e9gionales susceptibles de faire progresser la transition \u00e9nerg\u00e9tique.<\/p>\n\n\n\n<p><strong>D\u00e9velopper davantage l\u2019\u00e9nergie \u00e9olienne.<\/strong><\/p>\n\n\n\n<p>Le Luxembourg dispose encore d\u2019un potentiel de croissance consid\u00e9rable en mati\u00e8re de d\u00e9veloppement de l\u2019\u00e9nergie \u00e9olienne. Des \u00e9tudes de faisabilit\u00e9 sont actuellement en cours avec la soci\u00e9t\u00e9 Soler, que nous continuerons \u00e0 soutenir. Nous voulons \u00e9galement \u00e9tudier la possibilit\u00e9 de participer \u00e0 des parcs \u00e9oliens r\u00e9gionaux et d\u2019installer de petites \u00e9oliennes, par exemple sur les toits des b\u00e2timents communaux. Cela se fera en \u00e9troite collaboration avec les citoyens et les citoyennes, afin de r\u00e9pondre aux \u00e9ventuelles inqui\u00e9tudes.<\/p>\n\n\n\n<p><strong>Davantage de lumi\u00e8re, moins d\u2018\u00e9nergie.<\/strong><\/p>\n\n\n\n<p>L\u2019\u00e9clairage public repr\u00e9sente une part importante de la consommation d\u2019\u00e9lectricit\u00e9. Le DP est dispos\u00e9 \u00e0 convertir l\u2019ensemble des \u00e9clairages communaux aux LED, une technologie plus efficace sur le plan \u00e9nerg\u00e9tique et, si possible, \u00e0 les \u00e9quiper d\u2019une fonction de variation de l\u2019intensit\u00e9 et de capteurs de mouvement.<\/p>\n\n\n\n<p><strong>Moderniser le parc de v\u00e9hicules.<\/strong><\/p>\n\n\n\n<p>R\u00e9solu \u00e0 favoriser des syst\u00e8mes de propulsions neutres pour le climat, le DP entend progressivement convertir le parc de v\u00e9hicules publics en v\u00e9hicules neutres en carbone.<\/p>\n\n\n\n<p><strong>Conseil en \u00e9nergie.<\/strong><\/p>\n\n\n\n<p>En plus des services de conseil nationaux, le DP d\u00e9veloppera au niveau local des services de conseil \u00e0 destination des m\u00e9nages et des entreprises.<\/p>\n\n\n\n<p><strong>En outre.<\/strong><\/p>\n\n\n\n<p>Le DP accordera une plus grande importance \u00e0 la protection contre le bruit et privil\u00e9giera, dans la mesure du possible, l\u2019utilisation d\u2019eau de pluie et d\u2019eau industrielle plut\u00f4t que d\u2019eau potable.<\/p>\n\n\n\n<p>L\u2019installation de biogaz du Rommeschterhaff, qui traite \u00e9galement les d\u00e9chets verts de la commune, produit beaucoup de chaleur r\u00e9siduelle. Actuellement, cette chaleur est perdue. Nous voulons \u00e9tudier dans quelle mesure cette \u00e9nergie peut \u00eatre utilis\u00e9e \u00e0 des fins de chauffage.<\/p>\n\n\n\n<h1 class=\"wp-block-heading\"><strong>Un environnement moderne, o\u00f9 il fait bon vivre<\/strong><\/h1>\n\n\n\n<h2 class=\"wp-block-heading\"><strong>UNE COMMUNE NUM\u00c9RIQUE, PROCHE DES CITOYENS ET TRANSPARENTE<\/strong><\/h2>\n\n\n\n<p><strong>\u201cSmart City\u201d ou \u201cDes communes intelligentes\u201d.<\/strong><\/p>\n\n\n\n<p>Le DP Steinsel va promouvoir le concept de commune intelligente et exploiter le plein potentiel d\u2019une commune connect\u00e9e, sans pour autant faire de compromis en ce qui concerne la protection des donn\u00e9es.<\/p>\n\n\n\n<p>Nous reconnaissons la valeur des plateformes d&#8217;apprentissage num\u00e9rique et leur popularit\u00e9 croissante en tant que moyen pratique et accessible pour les personnes d&#8217;acqu\u00e9rir de nouvelles comp\u00e9tences et connaissances. En introduisant de telles plateformes dans notre commune, nous visons \u00e0 promouvoir l&#8217;apprentissage tout au long de la vie et \u00e0 offrir \u00e0 nos citoyens des possibilit\u00e9s d&#8217;apprentissage flexibles telles que des cours de langues, des cours sur l&#8217;utilisation des nouvelles technologies, des cours d&#8217;arts et de sciences humaines, des cours d&#8217;entrepreneuriat, entre autres.<\/p>\n\n\n\n<p>L\u2019acc\u00e8s en ligne aux contenus \u00e9ducatifs donne aux citoyens la libert\u00e9 d&#8217;apprendre \u00e0 leur propre rythme et selon leurs pr\u00e9f\u00e9rences.<\/p>\n\n\n\n<p>Reconnaissant que notre commune ait r\u00e9cemment engag\u00e9 un responsable num\u00e9rique, nous allons renforcer l\u2018\u00e9quipe informatique. Ce qui nous permettra de suivre l&#8217;\u00e9volution rapide de la technologie, d&#8217;am\u00e9liorer l&#8217;efficacit\u00e9 et la transparence et de combler le foss\u00e9 num\u00e9rique. En outre, cela nous aidera \u00e0 garantir que la protection des donn\u00e9es et de la vie priv\u00e9e soit une priorit\u00e9 \u00e0 tout moment.<\/p>\n\n\n\n<p><strong>Une communication compr\u00e9hensible, inclusive et multilingue.<\/strong><\/p>\n\n\n\n<p>Notre priorit\u00e9 absolue est de veiller \u00e0 ce que tous les citoyens et citoyennes, y compris les personnes handicap\u00e9es, puissent acc\u00e9der sans obstacle aux informations et aux services fournis par l&#8217;autorit\u00e9 locale. Pour atteindre cet objectif, nous nous efforcerons de d\u00e9velopper des pages web et des applications pour smartphones inclusives, accessibles et conviviales pour tous, ind\u00e9pendamment de leurs capacit\u00e9s ou de leurs handicaps.<\/p>\n\n\n\n<p>Pour rendre nos pages web et nos applications pour smartphones plus accessibles \u00e0 l&#8217;avenir, nous voulons nous concentrer sur les points suivants :<\/p>\n\n\n\n<ol class=\"wp-block-list\" type=\"1\" start=\"1\">\n<li><strong>L&#8217;accessibilit\u00e9 <\/strong>: Notre priorit\u00e9 absolue est de veiller \u00e0 ce que notre page web et nos applications soient facilement accessibles \u00e0 tous, y compris aux personnes souffrant de d\u00e9ficiences visuelles ou motrices. Pour ce faire, nous incorporerons des caract\u00e9ristiques sp\u00e9cifiques qui am\u00e9liorent la convivialit\u00e9, telles que des textes alternatifs pour les images et un contraste de couleurs ad\u00e9quat. Nous nous engageons \u00e9galement \u00e0 utiliser un langage clair et simple, ce qui permettra aux personnes souffrant d&#8217;un handicap cognitif de comprendre plus facilement les informations pr\u00e9sent\u00e9es sur nos pages web et nos applications.<\/li>\n<\/ol>\n\n\n\n<ol class=\"wp-block-list\" type=\"1\" start=\"2\">\n<li><strong>L\u2019inclusion <\/strong>: Dans le cadre de notre engagement en faveur de l&#8217;inclusion, nous reconnaissons que la langue ne doit pas \u00eatre un obstacle \u00e0 l&#8217;acc\u00e8s aux informations importantes fournies par la commune. Pour que tous les citoyens et citoyennes puissent acc\u00e9der \u00e0 ces informations, nous fournirons du contenu en plusieurs langues sur nos sites web et nos applications.<\/li>\n<\/ol>\n\n\n\n<p><strong>Plateforme num\u00e9rique de r\u00e9seautage social.<\/strong><\/p>\n\n\n\n<p>Notre objectif est d&#8217;am\u00e9liorer les interactions sociales et de renforcer le sentiment d&#8217;appartenance \u00e0 la communaut\u00e9 parmi les habitants de Steinsel. Pour ce faire, nous allons mettre en place une plateforme num\u00e9rique de r\u00e9seautage social qui relie virtuellement les r\u00e9sidents entre eux. Cette plateforme serait un outil utile pour que les voisins fassent connaissance les uns avec les autres. En outre, elle comportera des fonctions permettant aux voisins d&#8217;organiser des \u00e9v\u00e9nements et de trouver des personnes partageant les m\u00eames int\u00e9r\u00eats pour assister \u00e0 des \u00e9v\u00e9nements locaux.<\/p>\n\n\n\n<p>En outre, la plateforme nous permettra de respecter l&#8217;un des engagements que nous avons pris dans notre programme \u00e9lectoral de 2017, en permettant aux utilisateurs de partager des outils et des \u00e9quipements avec leurs voisins. L&#8217;inclusion d&#8217;une telle fonctionnalit\u00e9 sur la plateforme offrira aux voisins la possibilit\u00e9 de pr\u00eater et d&#8217;emprunter des outils, ou de partager des \u00e9quipements tel que des barbecues pour organiser des f\u00eates de jardin. Il s&#8217;agit l\u00e0 d&#8217;un exemple du mod\u00e8le d&#8217;\u00e9conomie circulaire, qui vise \u00e0 r\u00e9duire les d\u00e9chets et \u00e0 promouvoir l&#8217;utilisation durable des ressources en gardant les objets en circulation le plus longtemps possible, minimisant ainsi l&#8217;impact sur l&#8217;environnement.<\/p>\n\n\n\n<p>Notre objectif est de cr\u00e9er une communaut\u00e9 mieux connect\u00e9e et plus soud\u00e9e \u00e0 Steinsel gr\u00e2ce \u00e0 cette plateforme.<\/p>\n\n\n\n<p><strong>Promouvoir la diversification de la communication.<\/strong><\/p>\n\n\n\n<p>Nous nous sommes engag\u00e9s \u00e0 am\u00e9liorer nos strat\u00e9gies de communication avec les citoyens. Comme nous l&#8217;avons d\u00e9j\u00e0 mentionn\u00e9, nous souhaitons d\u00e9velopper des plateformes qui r\u00e9pondent aux besoins de tous les r\u00e9sidents, qui promeuvent l&#8217;inclusion et qui encouragent la participation active. Bien que nous appr\u00e9ciions les efforts r\u00e9cents du conseil \u00e9chevinal pour \u00e9largir nos canaux de communication par le biais des m\u00e9dias sociaux et d&#8217;un bulletin d&#8217;information local actualis\u00e9, nous r\u00e9alisons qu&#8217;il a \u00e9t\u00e9 lent et plut\u00f4t r\u00e9ticent ces derni\u00e8res ann\u00e9es \u00e0 s&#8217;adapter \u00e0 de nouvelles formes modernes de communication. Cependant, nous ne sommes pas r\u00e9ticents car nous reconnaissons qu&#8217;\u00e0 l&#8217;\u00e8re actuelle, l&#8217;optimisation des canaux de communication est cruciale pour engager et informer efficacement nos concitoyens et concitoyennes. Cela implique \u00e9galement que les questions de l\u2019opposition soient reprises dans le bulletin communal.<\/p>\n\n\n\n<p><strong>\u00c9<\/strong><strong>crivain public.<\/strong><\/p>\n\n\n\n<p>La commune chargera un \u00e9crivain public d\u2019aider les citoyens dans leurs d\u00e9marches administratives, par exemple pour expliquer les lettres administratives, les aider \u00e0 r\u00e9pondre aux questions ou \u00e9tablir des contacts.<\/p>\n\n\n\n<p><strong>Pour une plus grande participation des habitants.<\/strong><\/p>\n\n\n\n<p>Le DP renforcera la participation des r\u00e9sidents en leur offrant davantage de moyens de participer activement aux processus d\u00e9cisionnels au niveau local.<\/p>\n\n\n\n<p>Nous croyons fermement \u00e0 la promotion de l&#8217;inclusion et de l&#8217;engagement des citoyens de la municipalit\u00e9 de Steinsel. Cela signifie qu&#8217;il faut s&#8217;assurer que tous les individus, y compris les r\u00e9sidents \u00e9trangers, soient conscients de leur droit de voter et m\u00eame de se pr\u00e9senter aux \u00e9lections locales. Pour ce faire, nous permettrons aux r\u00e9sidents \u00e9trangers de s&#8217;inscrire sur les listes \u00e9lectorales lorsqu&#8217;ils s&#8217;enregistrent aupr\u00e8s de la commune. Nous reconnaissons \u00e9galement l&#8217;importance d&#8217;informer les nouveaux arrivants de leurs droits et obligations.<\/p>\n\n\n\n<p>En outre, nous nous efforcerons d&#8217;accro\u00eetre les possibilit\u00e9s de participation des citoyens et citoyennes, notamment en les associant \u00e0 l&#8217;\u00e9laboration du budget et en responsabilisant les jeunes par l&#8217;interm\u00e9diaire des conseils d&#8217;enfants et de jeunes. Nous reconnaissons \u00e9galement que les r\u00e9unions du conseil peuvent ne pas \u00eatre accessibles \u00e0 tous en raison de conflits d&#8217;horaires. Comme solution, nous sugg\u00e9rons d&#8217;enregistrer les r\u00e9unions et de les rendre disponibles sur notre site web ou de les diffuser en direct sur les plateformes de m\u00e9dias sociaux. En mettant en \u0153uvre ces initiatives, nous esp\u00e9rons cr\u00e9er une communaut\u00e9 plus engag\u00e9e et plus inclusive.<\/p>\n\n\n\n<h2 class=\"wp-block-heading\"><strong>ENTREPRISES<\/strong><\/h2>\n\n\n\n<p>Les moyennes entreprises forment le pilier de communes saines et contribuent de mani\u00e8re significative \u00e0 l\u2018attractivit\u00e9 et \u00e0 l\u2018animation des communes. Ainsi le maintien et l\u2019implantation d\u2019entreprises artisanales et commerciales m\u00e9ritent la plus grande attention de la part des d\u00e9cideurs communaux. D\u2019une mani\u00e8re g\u00e9n\u00e9rale, nous allons simplifier les proc\u00e9dures administratives.<\/p>\n\n\n\n<p><strong>Maintien des commerces de d\u00e9tail.<\/strong><\/p>\n\n\n\n<p>Le DP s\u2019engage \u00e0 garantir aux citoyens et citoyennes le maintien de la plus grande proximit\u00e9 possible avec les achats et les services de base. Nous continuerons \u00e0 pr\u00f4ner le maintien des commerces de d\u00e9tail dans notre commune. Lorsque cela n\u2019est pas possible, nous nous efforcerons, en concertation avec les prestataires de services, \u00e0 d\u00e9velopper des mod\u00e8les alternatifs (agence mobile, vente ambulante, mise en place d\u2019un distributeur automatique de billets).<\/p>\n\n\n\n<p><strong>Continuer \u00e0 promouvoir les zones industrielles et commerciales.<\/strong><\/p>\n\n\n\n<p>Le DP d\u00e9sire continuer \u00e0 miser sur les zones d\u2019activit\u00e9s communales et r\u00e9gionales, dans lesquelles les entreprises d\u00e9j\u00e0 \u00e9tablies peuvent se d\u00e9velopper et attirer de nouvelles activit\u00e9s.<\/p>\n\n\n\n<p><strong>Soutenir les start-up.<\/strong><\/p>\n\n\n\n<p>Lancer une start-up est un parcours sem\u00e9 d\u2019emb\u00fbches. Souvent le capital et l\u2019espace n\u00e9cessaires font d\u00e9faut. C\u2019est la raison pour laquelle nous voulons mettre des parties de zones d\u2019activit\u00e9s communales et des surfaces de bureaux \u00e0 la disposition de jeunes start-up innovantes et d\u2019entreprises artisanales locales \u00e0 un prix avantageux.<\/p>\n\n\n\n<p><strong>Programme national DP.<\/strong><\/p>\n\n\n\n<p>Le ministre DP des Classes moyennes Lex Delles s\u2019engage en faveur de cadres juridiques modernes, dans l\u2019int\u00e9r\u00eat de mod\u00e8les commerciaux innovants. La r\u00e9vision de la loi en mati\u00e8re de droit d\u2019\u00e9tablissement garantira un cadre juridique clair pour des nouveaux mod\u00e8les commerciaux relevant de l\u2019\u00e9conomie du partage&nbsp;ou \u00ab&nbsp;sharing economy&nbsp;\u00bb (p. ex. Uber, Airbnb).<\/p>\n\n\n\n<p><strong>\u201eSharing economy\u201c.<\/strong><\/p>\n\n\n\n<p>Le DP cr\u00e9era, le cas \u00e9ch\u00e9ant en collaboration avec des communes voisines, des structures permettant aux citoyens et citoyennes d\u2019emprunter diff\u00e9rents objets m\u00e9nagers, en cas de besoin tels que des tondeuses, des perceuses ou autres appareils similaires, ou de proposer les leurs \u00e0 la location. Le DP soutiendra \u00e9galement les initiatives locales dans ce sens.<\/p>\n\n\n\n<p><strong>Promouvoir les <\/strong>\u00ab&nbsp;r<strong>epair caf\u00e9s <\/strong>\u00bb<strong>.<\/strong><\/p>\n\n\n\n<p>Dans un souci de pr\u00e9servation des ressources et conform\u00e9ment aux principes de l\u2019\u00e9conomie circulaire, il y a lieu d\u2019encourager la r\u00e9paration d\u2019appareils et d\u2019objets usuels \u00e0 Steinsel. Le DP organisera des ateliers, appel\u00e9s <a>\u00ab&nbsp;<\/a>repair caf\u00e9s&nbsp;\u00bb, dans le cadre desquels les citoyens et citoyennes pourront non seulement r\u00e9parer des objets, mais \u00e9galement acqu\u00e9rir un certain savoir-faire. De tels ateliers \u00ab&nbsp;repair caf\u00e9s&nbsp;\u00bb favorisent le vivre ensemble au sein de notre commune.<\/p>\n\n\n\n<p><strong>Promouvoir la vente ambulante.<\/strong><\/p>\n\n\n\n<p>Nous voulons soutenir la vente ambulante. Les personnes \u00e2g\u00e9es sont particuli\u00e8rement d\u00e9pendantes de la vente ambulante de denr\u00e9es alimentaires (boulangers et bouchers ambulants, etc.).<\/p>\n\n\n\n<p><strong>D\u00e9velopper l\u2019offre d\u2019espaces de co-working<\/strong>.<\/p>\n\n\n\n<p>Les espaces de co-working<em> <\/em>sont consid\u00e9r\u00e9s comme des lieux \u00e0 fort potentiel d\u2019innovation, dont l\u2019importance en tant qu\u2019alternative au travail \u00e0 domicile ou au lieu de travail classique va en grandissant. Les espaces permettront en outre une r\u00e9duction drastique du trafic pendulaire. Le DP entend exploiter pleinement le potentiel de cette nouvelle forme de collaboration et de la d\u00e9velopper.<\/p>\n\n\n\n<p><strong>Pop-up stores.<\/strong><\/p>\n\n\n\n<p>Afin de lutter contre la vacance de locaux, d\u2019attirer de nouveaux commerces et de dynamiser les centres des villages, nous allons miser davantage sur l\u2019affectation temporaire de surfaces commerciales.<\/p>\n\n\n\n<h2 class=\"wp-block-heading\"><strong>FINANCES COMMUNALES<\/strong><\/h2>\n\n\n\n<p>Le DP est favorable \u00e0 une politique financi\u00e8re pr\u00e9voyante sous la forme d\u2019une planification \u00e0 moyen terme.<\/p>\n\n\n\n<p><strong>Une gestion budg\u00e9taire efficace.<\/strong><\/p>\n\n\n\n<p>Nous pr\u00e9conisons une politique en mati\u00e8re de d\u00e9penses plus efficace et voulons cr\u00e9er des moyens suppl\u00e9mentaires en faveur de nouvelles initiatives et de nouveaux investissements par le biais de \u00ab&nbsp;screenings&nbsp;\u00bb et de centrales d\u2019achat (inter)communales. Le DP \u00e9tablira chaque ann\u00e9e une liste de priorit\u00e9s des investissements \u00e0 r\u00e9aliser et un programme d\u2019investissement pluriannuel, en recourant autant que possible \u00e0 ses propres ressources. Il conviendrait de ne recourir \u00e0 l\u2019endettement qu\u2019en cas d\u2019investissements ax\u00e9s sur les besoins et requis pour l\u2019avenir de la commune et de ses citoyens et citoyennes, sans pour autant perdre de vue les co\u00fbts qui s\u2019en suivront pour le budget communal.<\/p>\n\n\n\n<p><strong>Des mod\u00e8les de financement alternatifs.<\/strong><\/p>\n\n\n\n<p>Le DP est convaincu du grand potentiel que repr\u00e9sente le financement public-priv\u00e9 de projets d\u2019investissement avec des entreprises priv\u00e9es et de tous citoyens int\u00e9ress\u00e9s. Il y a lieu d\u2019examiner la faisabilit\u00e9 des concepts de financement alternatifs, tels que le partenariat public-priv\u00e9 pour les installations solaires ou les \u00e9oliennes, ou la construction de logements sociaux, et le cas \u00e9ch\u00e9ant, de proc\u00e9der \u00e0 leur mise en oeuvre.<\/p>\n\n\n\n<p><strong>Des audits r\u00e9guliers.<\/strong><\/p>\n\n\n\n<p>Le DP d\u00e9fend l\u2019id\u00e9e que notre commune doit se soumettre \u00e0 un audit financier r\u00e9alis\u00e9 par un cabinet d\u2019audit tous les 12 ans (deux l\u00e9gislatures). Pour une meilleure transparence, les r\u00e9sultats devraient \u00eatre communiqu\u00e9s aux citoyens et citoyennes.<\/p>\n\n\n\n<p><strong>Soutenir la collaboration intercommunale.<\/strong><\/p>\n\n\n\n<p>L\u00e0 o\u00f9 la commune de Steinsel n\u2019a pas la possibilit\u00e9 de mettre \u00e0 disposition de leurs citoyens et citoyennes toutes les infrastructures et tous les services, nous miserons davantage sur une coop\u00e9ration intercommunale. Une telle d\u00e9marche permettrait d\u2019exploiter les synergies entre les structures existantes, les services, les nouveaux projets d\u2019infrastructure, ainsi que l\u2019acquisition d\u2019engins, ce qui entra\u00eenerait une r\u00e9duction des co\u00fbts.<\/p>\n\n\n\n<p><strong>La dette communale.<\/strong><\/p>\n\n\n\n<p>De nombreux investissements ont \u00e9t\u00e9 relanc\u00e9s ou doivent encore \u00eatre r\u00e9alis\u00e9s. Le DP reconna\u00eet que ces investissements sont n\u00e9cessaires dans l\u2019int\u00e9r\u00eat de notre commune. Nous pouvons certes constater que plusieurs omissions au cours des derni\u00e8res d\u00e9cennies rendent la situation difficile. Comme nous sommes tourn\u00e9s vers l\u2019avenir, nous ferons tout ce qui est en notre pouvoir pour g\u00e9rer de mani\u00e8re comp\u00e9tente les charges financi\u00e8res \u00e0 venir.<\/p>\n\n\n\n<p><\/p>\n","protected":false},"excerpt":{"rendered":"<p>Remarque pour tous les textes suivants du programme DP&nbsp;: Les id\u00e9es ci-dessous sont toutes applicables pour les personnes handicap\u00e9es ou \u00e0 mobilit\u00e9 r\u00e9duite. FAMILLE \u00catre parent n\u2019est pas toujours facile, c\u2019est un m\u00e9tier que nous n\u2019avons pas appris. Pour soutenir les parents int\u00e9ress\u00e9s, le DP va mettre en place les offres suivantes dans la commune&nbsp;: [&hellip;]<\/p>\n","protected":false},"author":378,"featured_media":0,"comment_status":"closed","ping_status":"closed","sticky":false,"template":"","format":"standard","meta":{"footnotes":""},"categories":[1],"tags":[],"class_list":["post-723","post","type-post","status-publish","format-standard","hentry","category-news","wpbf-post"],"_links":{"self":[{"href":"https:\/\/www.dp.lu\/steesel\/wp-json\/wp\/v2\/posts\/723","targetHints":{"allow":["GET"]}}],"collection":[{"href":"https:\/\/www.dp.lu\/steesel\/wp-json\/wp\/v2\/posts"}],"about":[{"href":"https:\/\/www.dp.lu\/steesel\/wp-json\/wp\/v2\/types\/post"}],"author":[{"embeddable":true,"href":"https:\/\/www.dp.lu\/steesel\/wp-json\/wp\/v2\/users\/378"}],"replies":[{"embeddable":true,"href":"https:\/\/www.dp.lu\/steesel\/wp-json\/wp\/v2\/comments?post=723"}],"version-history":[{"count":1,"href":"https:\/\/www.dp.lu\/steesel\/wp-json\/wp\/v2\/posts\/723\/revisions"}],"predecessor-version":[{"id":724,"href":"https:\/\/www.dp.lu\/steesel\/wp-json\/wp\/v2\/posts\/723\/revisions\/724"}],"wp:attachment":[{"href":"https:\/\/www.dp.lu\/steesel\/wp-json\/wp\/v2\/media?parent=723"}],"wp:term":[{"taxonomy":"category","embeddable":true,"href":"https:\/\/www.dp.lu\/steesel\/wp-json\/wp\/v2\/categories?post=723"},{"taxonomy":"post_tag","embeddable":true,"href":"https:\/\/www.dp.lu\/steesel\/wp-json\/wp\/v2\/tags?post=723"}],"curies":[{"name":"wp","href":"https:\/\/api.w.org\/{rel}","templated":true}]}}