{"id":733,"date":"2023-06-15T16:27:19","date_gmt":"2023-06-15T16:27:19","guid":{"rendered":"https:\/\/www.dp.lu\/steesel\/?p=733"},"modified":"2023-06-15T16:27:21","modified_gmt":"2023-06-15T16:27:21","slug":"gemeindewahlen-2023-in-steinsel","status":"publish","type":"post","link":"https:\/\/www.dp.lu\/steesel\/gemeindewahlen-2023-in-steinsel\/","title":{"rendered":"Gemeindewahlen 2023 in Steinsel"},"content":{"rendered":"\n<p>Die DP konnte ihr Wahlresultat um ein halbes Prozent verbessern und ihren vierten Sitz festigen. Dies ist umso erfreulicher da D\u00e9i Gr\u00e9ng sich erneut zur Wahl stellten, nach ihrem Ausbleiben vor 6 Jahren. Die CSV, die mit einer erneuerten Mannschaft antrat, ohne die 3 Erstgew\u00e4hlten von 2017, musste einem Verlust von 4,54 % hinnehmen und fiel auf einem Sitz zur\u00fcck. Behaupten als st\u00e4rkste Partei konnte sich die LSAP, dies trotz Verlusten von 9,32 %. Sie beh\u00e4lt ihre f\u00fcnf Sitze.<\/p>\n\n\n\n<p>Wegen der enormen Herausforderungen der n\u00e4chsten Jahre, sprach sich Fernand Marchetti (LSAP) f\u00fcr eine starke Mehrheit aus. Somit fiel die Wahl auf die DP, die mit ihren vier Sitzen eine komfortable Mehrheit erlaubt. Beide Parteien sind sich am Montag einig geworden. Fernand Marchetti (LSAP) bleibt B\u00fcrgermeister, der DP-Spitzenkandidat Siggy Rausch wird Erster Sch\u00f4ffe. Was den Posten des Zweiten Sch\u00f6ffen anbelangt, so wird es eine Zweiteilung geben. F\u00fcr die ersten drei Jahre wird Claude Schintgen (DP) diese Rolle \u00fcbernehmen, anschlie\u00dfend wird ein Kandidat der LSAP diese Stelle besetzen. Die N\u00e4chstgew\u00e4hlten auf der LSAP-Liste sind Fernand Wies oder Marie-Paule Engel-Lenertz.<\/p>\n\n\n\n<p>Somit werden die zwei st\u00e4rksten Parteien und die drei erstgew\u00e4hlten Kandidaten das Sch\u00f6ffenkollegium bilden.<\/p>\n\n\n\n<h2 class=\"wp-block-heading\">Wie wurde in Steinsel gew\u00e4hlt?<\/h2>\n\n\n\n<figure class=\"wp-block-table\"><table><tbody><tr><td>%<\/td><td>LSAP<\/td><td>CSV<\/td><td>DP<\/td><td>D\u00e9i Gr\u00e9ng<\/td><td>&nbsp;<\/td><\/tr><tr><td>1993<\/td><td>52,14<\/td><td>28,10<\/td><td>19,75<\/td><td>0,00<\/td><td><\/td><\/tr><tr><td>1999<\/td><td>56,02<\/td><td>20,98<\/td><td>22,98<\/td><td>0,00<\/td><td><\/td><\/tr><tr><td>2005<\/td><td>53,20<\/td><td>21,14<\/td><td>25,56<\/td><td>0,00<\/td><td><\/td><\/tr><tr><td>2011<\/td><td>43,55<\/td><td>17,95<\/td><td>26,50<\/td><td>12,00<\/td><td><\/td><\/tr><tr><td>2017<\/td><td>46,95<\/td><td>19,45<\/td><td>33,59<\/td><td>0,00<\/td><td><\/td><\/tr><tr><td>2023<\/td><td>37,63<\/td><td>14,91<\/td><td>34,10<\/td><td>13,36<\/td><td><\/td><\/tr><\/tbody><\/table><\/figure>\n\n\n\n<figure class=\"wp-block-image size-full\"><img fetchpriority=\"high\" decoding=\"async\" width=\"931\" height=\"466\" src=\"https:\/\/www.dp.lu\/steesel\/wp-content\/uploads\/sites\/24\/2023\/06\/image.png\" alt=\"\" class=\"wp-image-734\" srcset=\"https:\/\/www.dp.lu\/steesel\/wp-content\/uploads\/sites\/24\/2023\/06\/image.png 931w, https:\/\/www.dp.lu\/steesel\/wp-content\/uploads\/sites\/24\/2023\/06\/image-300x150.png 300w, https:\/\/www.dp.lu\/steesel\/wp-content\/uploads\/sites\/24\/2023\/06\/image-768x384.png 768w\" sizes=\"(max-width: 931px) 100vw, 931px\" \/><\/figure>\n","protected":false},"excerpt":{"rendered":"<p>Die DP konnte ihr Wahlresultat um ein halbes Prozent verbessern und ihren vierten Sitz festigen. Dies ist umso erfreulicher da D\u00e9i Gr\u00e9ng sich erneut zur Wahl stellten, nach ihrem Ausbleiben vor 6 Jahren. Die CSV, die mit einer erneuerten Mannschaft antrat, ohne die 3 Erstgew\u00e4hlten von 2017, musste einem Verlust von 4,54 % hinnehmen und [&hellip;]<\/p>\n","protected":false},"author":378,"featured_media":0,"comment_status":"closed","ping_status":"closed","sticky":false,"template":"","format":"standard","meta":{"footnotes":""},"categories":[1],"tags":[],"class_list":["post-733","post","type-post","status-publish","format-standard","hentry","category-news","wpbf-post"],"_links":{"self":[{"href":"https:\/\/www.dp.lu\/steesel\/wp-json\/wp\/v2\/posts\/733","targetHints":{"allow":["GET"]}}],"collection":[{"href":"https:\/\/www.dp.lu\/steesel\/wp-json\/wp\/v2\/posts"}],"about":[{"href":"https:\/\/www.dp.lu\/steesel\/wp-json\/wp\/v2\/types\/post"}],"author":[{"embeddable":true,"href":"https:\/\/www.dp.lu\/steesel\/wp-json\/wp\/v2\/users\/378"}],"replies":[{"embeddable":true,"href":"https:\/\/www.dp.lu\/steesel\/wp-json\/wp\/v2\/comments?post=733"}],"version-history":[{"count":1,"href":"https:\/\/www.dp.lu\/steesel\/wp-json\/wp\/v2\/posts\/733\/revisions"}],"predecessor-version":[{"id":735,"href":"https:\/\/www.dp.lu\/steesel\/wp-json\/wp\/v2\/posts\/733\/revisions\/735"}],"wp:attachment":[{"href":"https:\/\/www.dp.lu\/steesel\/wp-json\/wp\/v2\/media?parent=733"}],"wp:term":[{"taxonomy":"category","embeddable":true,"href":"https:\/\/www.dp.lu\/steesel\/wp-json\/wp\/v2\/categories?post=733"},{"taxonomy":"post_tag","embeddable":true,"href":"https:\/\/www.dp.lu\/steesel\/wp-json\/wp\/v2\/tags?post=733"}],"curies":[{"name":"wp","href":"https:\/\/api.w.org\/{rel}","templated":true}]}}