{"id":745,"date":"2023-10-13T17:24:38","date_gmt":"2023-10-13T17:24:38","guid":{"rendered":"https:\/\/www.dp.lu\/steesel\/?p=745"},"modified":"2023-10-13T17:24:39","modified_gmt":"2023-10-13T17:24:39","slug":"propositions-commissions-communales","status":"publish","type":"post","link":"https:\/\/www.dp.lu\/steesel\/propositions-commissions-communales\/","title":{"rendered":"Propositions commissions communales"},"content":{"rendered":"\n<figure class=\"wp-block-table\"><table><tbody><tr><td>Commission sociale, de la famille et du 3e \u00c2ge<\/td><td>Josette Rausch-Lahure, Vice-Pr\u00e9sidente<\/td><td>Atta Risch-Pazzaglia<\/td><td>Th\u00e9o Brodala<\/td><td>Paul Schintgen<\/td><\/tr><tr><td>Commission jeunesse<\/td><td>Charel Canniv\u00e9, Vice-Pr\u00e9sident<\/td><td>Jana Degrott\u00a0<\/td><td>Josettte Rausch-Lahure<\/td><td>Jeff Weissen<\/td><\/tr><tr><td>Commission du d\u00e9v. durable et environnement<\/td><td>Georges Bourscheid, Pr\u00e9sident<\/td><td>Weissen Jeff<\/td><td>Charel Canniv\u00e9<\/td><td>Romain Wildanger<\/td><\/tr><tr><td>Commission culturelle<\/td><td>Karin Lenertz, Vice-Pr\u00e9sidente<\/td><td>Eug\u00e8ne Prim<\/td><td>Jean-Paul Schmit<\/td><td>Stephanie Wilson<\/td><\/tr><tr><td>Commission des finances<\/td><td>Paul Schintgen, Pr\u00e9sident<\/td><td>Werner Weynand<\/td><td>Fran\u00e7ois Elvinger<\/td><td>Annick Schmitgen<\/td><\/tr><tr><td>Commission de la s\u00e9curit\u00e9, circulation, voirie<\/td><td>Theo Brodala, Pr\u00e9sident<\/td><td>Louis Muller<\/td><td>Weissen Jeff<\/td><td>Paul Canniv\u00e9<\/td><\/tr><tr><td>Commission des m\u00e9dias, communication, digit.<\/td><td>Jana Degrott, Pr\u00e9sidente<\/td><td>Carole Muller<\/td><td>Romain Schmit<\/td><td>Yves Brodala<\/td><\/tr><tr><td>Commission scolaire<\/td><td>Pascal Peters<\/td><td>Sarah Blum\u00a0<\/td><td><\/td><td><\/td><\/tr><tr><td>Commission sports et loisirs<\/td><td>Liz Schmitz<\/td><td>Patrick Schintgen<\/td><td>Pascal Scheeck<\/td><td>Serge Simon\u00a0<\/td><\/tr><tr><td>Commission Fairtrade<\/td><td>Josette Rausch-Lahure, Pr\u00e9sidente<\/td><td>Wirtor Lucrecia<\/td><td>Karin Lenertz<\/td><td>Schwartz-Weber Colette<\/td><\/tr><tr><td>Commission de l&#8217;int\u00e9gration<\/td><td>Josette Rausch-Lahure<\/td><td>Jacques Bortuzzo<\/td><td>Amedeo Cogliati<\/td><td><\/td><\/tr><\/tbody><\/table><\/figure>\n","protected":false},"excerpt":{"rendered":"<p>Commission sociale, de la famille et du 3e \u00c2ge Josette Rausch-Lahure, Vice-Pr\u00e9sidente Atta Risch-Pazzaglia Th\u00e9o Brodala Paul Schintgen Commission jeunesse Charel Canniv\u00e9, Vice-Pr\u00e9sident Jana Degrott\u00a0 Josettte Rausch-Lahure Jeff Weissen Commission du d\u00e9v. durable et environnement Georges Bourscheid, Pr\u00e9sident Weissen Jeff Charel Canniv\u00e9 Romain Wildanger Commission culturelle Karin Lenertz, Vice-Pr\u00e9sidente Eug\u00e8ne Prim Jean-Paul Schmit Stephanie Wilson [&hellip;]<\/p>\n","protected":false},"author":378,"featured_media":0,"comment_status":"closed","ping_status":"closed","sticky":false,"template":"","format":"standard","meta":{"footnotes":""},"categories":[1],"tags":[],"class_list":["post-745","post","type-post","status-publish","format-standard","hentry","category-news","wpbf-post"],"_links":{"self":[{"href":"https:\/\/www.dp.lu\/steesel\/wp-json\/wp\/v2\/posts\/745","targetHints":{"allow":["GET"]}}],"collection":[{"href":"https:\/\/www.dp.lu\/steesel\/wp-json\/wp\/v2\/posts"}],"about":[{"href":"https:\/\/www.dp.lu\/steesel\/wp-json\/wp\/v2\/types\/post"}],"author":[{"embeddable":true,"href":"https:\/\/www.dp.lu\/steesel\/wp-json\/wp\/v2\/users\/378"}],"replies":[{"embeddable":true,"href":"https:\/\/www.dp.lu\/steesel\/wp-json\/wp\/v2\/comments?post=745"}],"version-history":[{"count":1,"href":"https:\/\/www.dp.lu\/steesel\/wp-json\/wp\/v2\/posts\/745\/revisions"}],"predecessor-version":[{"id":746,"href":"https:\/\/www.dp.lu\/steesel\/wp-json\/wp\/v2\/posts\/745\/revisions\/746"}],"wp:attachment":[{"href":"https:\/\/www.dp.lu\/steesel\/wp-json\/wp\/v2\/media?parent=745"}],"wp:term":[{"taxonomy":"category","embeddable":true,"href":"https:\/\/www.dp.lu\/steesel\/wp-json\/wp\/v2\/categories?post=745"},{"taxonomy":"post_tag","embeddable":true,"href":"https:\/\/www.dp.lu\/steesel\/wp-json\/wp\/v2\/tags?post=745"}],"curies":[{"name":"wp","href":"https:\/\/api.w.org\/{rel}","templated":true}]}}