{"id":747,"date":"2023-10-13T17:28:47","date_gmt":"2023-10-13T17:28:47","guid":{"rendered":"https:\/\/www.dp.lu\/steesel\/?p=747"},"modified":"2023-10-13T17:28:48","modified_gmt":"2023-10-13T17:28:48","slug":"wei-ass-zu-steesel-bei-de-chamberwale-den-8-oktober-2023-gewielt-ginn","status":"publish","type":"post","link":"https:\/\/www.dp.lu\/steesel\/wei-ass-zu-steesel-bei-de-chamberwale-den-8-oktober-2023-gewielt-ginn\/","title":{"rendered":"W\u00e9i ass zu Steesel bei de Chamberwale den 8. Oktober 2023 gewielt ginn?"},"content":{"rendered":"\n<p>Eis Vetriederin vu Steesel d&#8217;Jana Degrott huet op der DP-L\u00ebscht an eiser Gemeng d\u00e9i v\u00e9iertmeeschte St\u00ebmme kritt. D&#8217;Demokratesch Partei krut 24,71%, e Plus vun 3,26% par Rapport zu 2018. Vun de 4 Steeseler Kandidaten op deene verschiddene L\u00ebschten krut d&#8217;Jana d\u00e9i meeschte St\u00ebmmen. Bravo.<\/p>\n\n\n\n<figure class=\"wp-block-image size-large\"><img fetchpriority=\"high\" decoding=\"async\" width=\"1024\" height=\"564\" src=\"https:\/\/www.dp.lu\/steesel\/wp-content\/uploads\/sites\/24\/2023\/10\/Chamberwalen-Grafik-1024x564.png\" alt=\"\" class=\"wp-image-748\" srcset=\"https:\/\/www.dp.lu\/steesel\/wp-content\/uploads\/sites\/24\/2023\/10\/Chamberwalen-Grafik-1024x564.png 1024w, https:\/\/www.dp.lu\/steesel\/wp-content\/uploads\/sites\/24\/2023\/10\/Chamberwalen-Grafik-300x165.png 300w, https:\/\/www.dp.lu\/steesel\/wp-content\/uploads\/sites\/24\/2023\/10\/Chamberwalen-Grafik-768x423.png 768w, https:\/\/www.dp.lu\/steesel\/wp-content\/uploads\/sites\/24\/2023\/10\/Chamberwalen-Grafik-1536x847.png 1536w, https:\/\/www.dp.lu\/steesel\/wp-content\/uploads\/sites\/24\/2023\/10\/Chamberwalen-Grafik-2048x1129.png 2048w\" sizes=\"(max-width: 1024px) 100vw, 1024px\" \/><\/figure>\n","protected":false},"excerpt":{"rendered":"<p>Eis Vetriederin vu Steesel d&#8217;Jana Degrott huet op der DP-L\u00ebscht an eiser Gemeng d\u00e9i v\u00e9iertmeeschte St\u00ebmme kritt. D&#8217;Demokratesch Partei krut 24,71%, e Plus vun 3,26% par Rapport zu 2018. Vun de 4 Steeseler Kandidaten op deene verschiddene L\u00ebschten krut d&#8217;Jana d\u00e9i meeschte St\u00ebmmen. Bravo.<\/p>\n","protected":false},"author":378,"featured_media":0,"comment_status":"closed","ping_status":"closed","sticky":false,"template":"","format":"standard","meta":{"footnotes":""},"categories":[1],"tags":[],"class_list":["post-747","post","type-post","status-publish","format-standard","hentry","category-news","wpbf-post"],"_links":{"self":[{"href":"https:\/\/www.dp.lu\/steesel\/wp-json\/wp\/v2\/posts\/747","targetHints":{"allow":["GET"]}}],"collection":[{"href":"https:\/\/www.dp.lu\/steesel\/wp-json\/wp\/v2\/posts"}],"about":[{"href":"https:\/\/www.dp.lu\/steesel\/wp-json\/wp\/v2\/types\/post"}],"author":[{"embeddable":true,"href":"https:\/\/www.dp.lu\/steesel\/wp-json\/wp\/v2\/users\/378"}],"replies":[{"embeddable":true,"href":"https:\/\/www.dp.lu\/steesel\/wp-json\/wp\/v2\/comments?post=747"}],"version-history":[{"count":1,"href":"https:\/\/www.dp.lu\/steesel\/wp-json\/wp\/v2\/posts\/747\/revisions"}],"predecessor-version":[{"id":749,"href":"https:\/\/www.dp.lu\/steesel\/wp-json\/wp\/v2\/posts\/747\/revisions\/749"}],"wp:attachment":[{"href":"https:\/\/www.dp.lu\/steesel\/wp-json\/wp\/v2\/media?parent=747"}],"wp:term":[{"taxonomy":"category","embeddable":true,"href":"https:\/\/www.dp.lu\/steesel\/wp-json\/wp\/v2\/categories?post=747"},{"taxonomy":"post_tag","embeddable":true,"href":"https:\/\/www.dp.lu\/steesel\/wp-json\/wp\/v2\/tags?post=747"}],"curies":[{"name":"wp","href":"https:\/\/api.w.org\/{rel}","templated":true}]}}