{"id":786,"date":"2024-03-24T15:10:21","date_gmt":"2024-03-24T15:10:21","guid":{"rendered":"https:\/\/www.dp.lu\/steesel\/?p=786"},"modified":"2024-03-24T15:47:12","modified_gmt":"2024-03-24T15:47:12","slug":"comite-dp-steesel-melleref-heeschdref","status":"publish","type":"post","link":"https:\/\/www.dp.lu\/steesel\/comite-dp-steesel-melleref-heeschdref\/","title":{"rendered":"Comit\u00e9 DP Steesel-M\u00eblleref-Heeschdref"},"content":{"rendered":"\n<p>Assembl\u00e9e G\u00e9n\u00e9rale vum 8. M\u00e4rz 2024 <\/p>\n\n\n\n<p class=\"has-black-color has-text-color has-link-color wp-elements-4a7a4e66d3af164d4a73392e5de5c6a9\">De President Paul Schintgen verzicht no 27 Joer op d\u2018Presidentschaft vun der Steeseler DP-Sektioun, bleift awer dem Comit\u00e9 erhalen a w\u00e4ert der Sekret\u00e4rin Colette Schwartz-Weber och weiderhi beh\u00eblleflech sinn. Mat vill Erfolleg huet hien d\u2019Sektioun all d\u00e9i Joren geleet, ass awer der Meenung, dass lues a lues och jonk Leit sollte m\u00e9i Verantwortung iwwerhuelen.&nbsp;<\/p>\n\n\n\n<p class=\"has-black-color has-text-color has-link-color wp-elements-7e4e27f811fd347e8126de7815c1f1c7\">D\u2019Kandidatur vum neien a nach jonke President Jeff Weissen ass an der Generalversammlung den 8. M\u00e4erz 2024 vun de ronn 60 Memberen a Sympathisanten eest\u00ebmmeg ugeholl ginn an him gouf esou d\u2019Vertrauen ausgesprach fir d\u2019Gesch\u00e9cker vun der Sektioun ze leeden.&nbsp;<\/p>\n\n\n\n<p class=\"has-black-color has-text-color has-link-color wp-elements-af7038921598edb2bfeee2a4339dd8ea\">D\u2019Josette Rausch-Lahure bleift Vizepresidentin, de Louis Muller bleift Caissier an de Jacques Bortuzzo huet accept\u00e9iert ebenfalls Vizepresident ze ginn an huet esou de Luce Emringer ersat, deen sech aus Altersgr\u00ebnn zr\u00e9ckgezunn huet.&nbsp;<\/p>\n\n\n\n<div class=\"wp-block-media-text is-stacked-on-mobile\"><figure class=\"wp-block-media-text__media\"><img fetchpriority=\"high\" decoding=\"async\" width=\"500\" height=\"500\" src=\"https:\/\/www.dp.lu\/steesel\/wp-content\/uploads\/sites\/24\/2023\/04\/Steesel-Weissen-Jeff1.jpg\" alt=\"\" class=\"wp-image-536 size-full\" srcset=\"https:\/\/www.dp.lu\/steesel\/wp-content\/uploads\/sites\/24\/2023\/04\/Steesel-Weissen-Jeff1.jpg 500w, https:\/\/www.dp.lu\/steesel\/wp-content\/uploads\/sites\/24\/2023\/04\/Steesel-Weissen-Jeff1-300x300.jpg 300w, https:\/\/www.dp.lu\/steesel\/wp-content\/uploads\/sites\/24\/2023\/04\/Steesel-Weissen-Jeff1-150x150.jpg 150w\" sizes=\"(max-width: 500px) 100vw, 500px\" \/><\/figure><div class=\"wp-block-media-text__content\">\n<p class=\"has-text-align-left has-large-font-size\">Jeff Weissen<\/p>\n\n\n\n<p>neien President<\/p>\n<\/div><\/div>\n\n\n\n<div class=\"wp-block-columns are-vertically-aligned-center is-layout-flex wp-container-core-columns-is-layout-28f84493 wp-block-columns-is-layout-flex\">\n<div class=\"wp-block-column is-vertically-aligned-center is-layout-flow wp-block-column-is-layout-flow\" style=\"flex-basis:100%\">\n<div class=\"wp-block-group is-layout-constrained wp-block-group-is-layout-constrained\">\n<div class=\"wp-block-media-text is-stacked-on-mobile\"><figure class=\"wp-block-media-text__media\"><img decoding=\"async\" width=\"500\" height=\"500\" src=\"https:\/\/www.dp.lu\/steesel\/wp-content\/uploads\/sites\/24\/2023\/04\/Steesel-Bortuzzo-Jacques1.jpg\" alt=\"\" class=\"wp-image-526 size-full\" srcset=\"https:\/\/www.dp.lu\/steesel\/wp-content\/uploads\/sites\/24\/2023\/04\/Steesel-Bortuzzo-Jacques1.jpg 500w, https:\/\/www.dp.lu\/steesel\/wp-content\/uploads\/sites\/24\/2023\/04\/Steesel-Bortuzzo-Jacques1-300x300.jpg 300w, https:\/\/www.dp.lu\/steesel\/wp-content\/uploads\/sites\/24\/2023\/04\/Steesel-Bortuzzo-Jacques1-150x150.jpg 150w\" sizes=\"(max-width: 500px) 100vw, 500px\" \/><\/figure><div class=\"wp-block-media-text__content\">\n<p class=\"has-text-align-left has-large-font-size\">Jacques Bortuzzo<\/p>\n\n\n\n<p>neien Vize-President<\/p>\n<\/div><\/div>\n<\/div>\n<\/div>\n<\/div>\n","protected":false},"excerpt":{"rendered":"<p>D&#8217;AG vum 8.3.2024 huet en neien Vize-President an President gewielt. <\/p>\n","protected":false},"author":435,"featured_media":0,"comment_status":"closed","ping_status":"closed","sticky":false,"template":"","format":"standard","meta":{"footnotes":""},"categories":[1],"tags":[],"class_list":["post-786","post","type-post","status-publish","format-standard","hentry","category-news","wpbf-post"],"_links":{"self":[{"href":"https:\/\/www.dp.lu\/steesel\/wp-json\/wp\/v2\/posts\/786","targetHints":{"allow":["GET"]}}],"collection":[{"href":"https:\/\/www.dp.lu\/steesel\/wp-json\/wp\/v2\/posts"}],"about":[{"href":"https:\/\/www.dp.lu\/steesel\/wp-json\/wp\/v2\/types\/post"}],"author":[{"embeddable":true,"href":"https:\/\/www.dp.lu\/steesel\/wp-json\/wp\/v2\/users\/435"}],"replies":[{"embeddable":true,"href":"https:\/\/www.dp.lu\/steesel\/wp-json\/wp\/v2\/comments?post=786"}],"version-history":[{"count":5,"href":"https:\/\/www.dp.lu\/steesel\/wp-json\/wp\/v2\/posts\/786\/revisions"}],"predecessor-version":[{"id":813,"href":"https:\/\/www.dp.lu\/steesel\/wp-json\/wp\/v2\/posts\/786\/revisions\/813"}],"wp:attachment":[{"href":"https:\/\/www.dp.lu\/steesel\/wp-json\/wp\/v2\/media?parent=786"}],"wp:term":[{"taxonomy":"category","embeddable":true,"href":"https:\/\/www.dp.lu\/steesel\/wp-json\/wp\/v2\/categories?post=786"},{"taxonomy":"post_tag","embeddable":true,"href":"https:\/\/www.dp.lu\/steesel\/wp-json\/wp\/v2\/tags?post=786"}],"curies":[{"name":"wp","href":"https:\/\/api.w.org\/{rel}","templated":true}]}}