{"id":806,"date":"2024-03-24T15:38:10","date_gmt":"2024-03-24T15:38:10","guid":{"rendered":"https:\/\/www.dp.lu\/steesel\/?p=806"},"modified":"2024-03-24T15:45:01","modified_gmt":"2024-03-24T15:45:01","slug":"jana-degrott-fir-europa","status":"publish","type":"post","link":"https:\/\/www.dp.lu\/steesel\/jana-degrott-fir-europa\/","title":{"rendered":"Jana Degrott fir Europa!"},"content":{"rendered":"\n<p>Mir si houfreg datt eis Gemengeconseill\u00e8re Jana Degrott sech den Europawale stellt am Juni! <\/p>\n\n\n\n<p>Mir w\u00ebnschen der ganzer Ekipp Bonne Chance!<\/p>\n\n\n\n<p><\/p>\n\n\n\n<figure class=\"wp-block-image size-large\"><img decoding=\"async\" src=\"https:\/\/www.dp.lu\/steesel\/wp-content\/uploads\/sites\/24\/2024\/03\/432280241_810603611098737_3917756125129816049_n-1024x1024.jpg\" alt=\"\" class=\"wp-image-808\" \/><\/figure>\n\n\n\n<p><img decoding=\"async\" height=\"16\" width=\"16\" src=\"https:\/\/static.xx.fbcdn.net\/images\/emoji.php\/v9\/t6b\/2\/16\/1f1f1_1f1fa.png\" alt=\"\ud83c\uddf1\ud83c\uddfa\"><img decoding=\"async\" height=\"16\" width=\"16\" src=\"https:\/\/static.xx.fbcdn.net\/images\/emoji.php\/v9\/t3c\/2\/16\/1f1ea_1f1fa.png\" alt=\"\ud83c\uddea\ud83c\uddfa\">Haut stelle mir Dir eis Europakandidatin Jana Degrott vir. D\u2019Jana huet 28 Joer, si ass Juristin a Gemengeconseill\u00e8re zu Steesel.D\u2019Jana Degrott setzt sech mat hirer Associatioun \u201c<a href=\"https:\/\/www.facebook.com\/webelongeurope?__cft__[0]=AZVRcMYSLdYoV9Df7AQkPfg8FaiHG3hxz-z5hqMQQZjeHrRysBQi1-eZYLFDbqWILk6QpxZRDKQkM9ZYjNEhTMFrJh973c2A4JJwpgJOsr9GeiZQVK5-xnnyyphCf6j5zF5wiZXaYlKqg9jCKLLsb3hACBeYeoET043B2-dxfu2DijWA3GbbPmIfNhkO3PsxMS1qh0Z_uNPn5c92ebAx0FQe&amp;__tn__=-]K*F\">We Belong<\/a>&nbsp;Europe\u201d fir d\u2019Inklusioun vun alle Matbiergerinnen a Matbierger an eiser Gesellschaft an.<\/p>\n\n\n\n<p><img decoding=\"async\" height=\"16\" width=\"16\" alt=\"\ud83d\udde8\ufe0f\" src=\"https:\/\/static.xx.fbcdn.net\/images\/emoji.php\/v9\/t1f\/2\/16\/1f5e8.png\">&nbsp;\u201cDiskriminatioun ass leider nach \u00ebmmer eng Realit\u00e9it. Ech engag\u00e9iere mat verschiddene Projeten dofir, dass och Persoune mat enger geeschteger respektiv physescher Beh\u00ebnnerung ganz um gesellschaftleche Liewen k\u00ebnnen deelhuelen.\u201d<\/p>\n\n\n\n<p><img loading=\"lazy\" decoding=\"async\" height=\"16\" width=\"16\" alt=\"\ud83c\uddeb\ud83c\uddf7\" src=\"https:\/\/static.xx.fbcdn.net\/images\/emoji.php\/v9\/td3\/2\/16\/1f1eb_1f1f7.png\"><img loading=\"lazy\" decoding=\"async\" height=\"16\" width=\"16\" alt=\"\ud83c\uddea\ud83c\uddfa\" src=\"https:\/\/static.xx.fbcdn.net\/images\/emoji.php\/v9\/t3c\/2\/16\/1f1ea_1f1fa.png\">&nbsp;Dans le cadre de notre s\u00e9rie sur nos candidats pour les&nbsp;<a href=\"https:\/\/www.facebook.com\/hashtag\/%C3%A9lectionseurop%C3%A9ennes?__eep__=6&amp;__cft__[0]=AZVRcMYSLdYoV9Df7AQkPfg8FaiHG3hxz-z5hqMQQZjeHrRysBQi1-eZYLFDbqWILk6QpxZRDKQkM9ZYjNEhTMFrJh973c2A4JJwpgJOsr9GeiZQVK5-xnnyyphCf6j5zF5wiZXaYlKqg9jCKLLsb3hACBeYeoET043B2-dxfu2DijWA3GbbPmIfNhkO3PsxMS1qh0Z_uNPn5c92ebAx0FQe&amp;__tn__=*NK*F\">#\u00e9lectionseurop\u00e9ennes<\/a>, c\u2018est au tour de Jana Degrott, 28 ans, juriste et conseill\u00e8re communale \u00e0 Steinsel.<\/p>\n\n\n\n<p>Jana Degrott s&#8217;engage avec son association \u00ab We Belong Europe \u00bb pour l&#8217;inclusion de tous les citoyens dans notre soci\u00e9t\u00e9.<\/p>\n\n\n\n<p><img decoding=\"async\" height=\"16\" width=\"16\" alt=\"\ud83d\udde8\ufe0f\" src=\"https:\/\/static.xx.fbcdn.net\/images\/emoji.php\/v9\/t1f\/2\/16\/1f5e8.png\">&nbsp;\u00ab La discrimination est malheureusement encore une r\u00e9alit\u00e9. Je m&#8217;engage \u00e0 travers diff\u00e9rents projets pour que les personnes avec un handicap physique ou mental puissent participer pleinement \u00e0 la vie sociale. \u00bb<\/p>\n\n\n\n<p><img loading=\"lazy\" decoding=\"async\" height=\"16\" width=\"16\" alt=\"\ud83c\uddec\ud83c\udde7\" src=\"https:\/\/static.xx.fbcdn.net\/images\/emoji.php\/v9\/tf5\/2\/16\/1f1ec_1f1e7.png\"><img loading=\"lazy\" decoding=\"async\" height=\"16\" width=\"16\" alt=\"\ud83c\uddea\ud83c\uddfa\" src=\"https:\/\/static.xx.fbcdn.net\/images\/emoji.php\/v9\/t3c\/2\/16\/1f1ea_1f1fa.png\">&nbsp;Today is Jana Degrott\u2019s turn, 28 years, lawyer and councillor at Steinsel.<\/p>\n\n\n\n<p>With her organization \u2018We Belong Europe\u2019, Jana Degrott is committed to the inclusion of all citizens in our society.<\/p>\n\n\n\n<p><img loading=\"lazy\" decoding=\"async\" height=\"16\" width=\"16\" src=\"https:\/\/static.xx.fbcdn.net\/images\/emoji.php\/v9\/t1f\/2\/16\/1f5e8.png\" alt=\"\ud83d\udde8\ufe0f\">&nbsp;\u2018Discrimination is unfortunately still a reality. I am involved in various projects to ensure that people with a mental or physical disability can fully participate in social life.\u2019<\/p>\n","protected":false},"excerpt":{"rendered":"<p>Mir si houfreg datt eis Gemengeconseill\u00e8re Jana Degrott sech den Europawale stellt am Juni! <\/p>\n<p>Mir w\u00ebnschen der ganzer Ekipp Bonne Chance!<\/p>\n","protected":false},"author":435,"featured_media":0,"comment_status":"closed","ping_status":"closed","sticky":false,"template":"","format":"standard","meta":{"footnotes":""},"categories":[1],"tags":[],"class_list":["post-806","post","type-post","status-publish","format-standard","hentry","category-news","wpbf-post"],"_links":{"self":[{"href":"https:\/\/www.dp.lu\/steesel\/wp-json\/wp\/v2\/posts\/806","targetHints":{"allow":["GET"]}}],"collection":[{"href":"https:\/\/www.dp.lu\/steesel\/wp-json\/wp\/v2\/posts"}],"about":[{"href":"https:\/\/www.dp.lu\/steesel\/wp-json\/wp\/v2\/types\/post"}],"author":[{"embeddable":true,"href":"https:\/\/www.dp.lu\/steesel\/wp-json\/wp\/v2\/users\/435"}],"replies":[{"embeddable":true,"href":"https:\/\/www.dp.lu\/steesel\/wp-json\/wp\/v2\/comments?post=806"}],"version-history":[{"count":4,"href":"https:\/\/www.dp.lu\/steesel\/wp-json\/wp\/v2\/posts\/806\/revisions"}],"predecessor-version":[{"id":811,"href":"https:\/\/www.dp.lu\/steesel\/wp-json\/wp\/v2\/posts\/806\/revisions\/811"}],"wp:attachment":[{"href":"https:\/\/www.dp.lu\/steesel\/wp-json\/wp\/v2\/media?parent=806"}],"wp:term":[{"taxonomy":"category","embeddable":true,"href":"https:\/\/www.dp.lu\/steesel\/wp-json\/wp\/v2\/categories?post=806"},{"taxonomy":"post_tag","embeddable":true,"href":"https:\/\/www.dp.lu\/steesel\/wp-json\/wp\/v2\/tags?post=806"}],"curies":[{"name":"wp","href":"https:\/\/api.w.org\/{rel}","templated":true}]}}