{"id":842,"date":"2025-01-07T08:06:12","date_gmt":"2025-01-07T08:06:12","guid":{"rendered":"https:\/\/www.dp.lu\/steesel\/?p=842"},"modified":"2025-01-07T08:17:27","modified_gmt":"2025-01-07T08:17:27","slug":"dmme-maisy-schwartz-even-ass-am-heijen-alter-vun-101-joer-verstuerwen","status":"publish","type":"post","link":"https:\/\/www.dp.lu\/steesel\/dmme-maisy-schwartz-even-ass-am-heijen-alter-vun-101-joer-verstuerwen\/","title":{"rendered":"D\u2018Mme Maisy Schwartz-Even ass am h\u00e9ijen Alter vun 101 Joer verstuerwen."},"content":{"rendered":"\n<p><\/p>\n\n\n\n<figure class=\"wp-block-image size-large\"><img fetchpriority=\"high\" decoding=\"async\" width=\"1024\" height=\"683\" src=\"https:\/\/www.dp.lu\/steesel\/wp-content\/uploads\/sites\/24\/2025\/01\/IMG_4585-3-1024x683.jpg\" alt=\"\" class=\"wp-image-860\" srcset=\"https:\/\/www.dp.lu\/steesel\/wp-content\/uploads\/sites\/24\/2025\/01\/IMG_4585-3-1024x683.jpg 1024w, https:\/\/www.dp.lu\/steesel\/wp-content\/uploads\/sites\/24\/2025\/01\/IMG_4585-3-300x200.jpg 300w, https:\/\/www.dp.lu\/steesel\/wp-content\/uploads\/sites\/24\/2025\/01\/IMG_4585-3-768x512.jpg 768w, https:\/\/www.dp.lu\/steesel\/wp-content\/uploads\/sites\/24\/2025\/01\/IMG_4585-3-1536x1024.jpg 1536w, https:\/\/www.dp.lu\/steesel\/wp-content\/uploads\/sites\/24\/2025\/01\/IMG_4585-3-2048x1365.jpg 2048w\" sizes=\"(max-width: 1024px) 100vw, 1024px\" \/><\/figure>\n\n\n\n<p><\/p>\n\n\n\n<p>De 6.&nbsp;Januar 2025 hu mir d\u00e9i traureg Noriicht kritt, dass d\u2019Mme Maisy Schwartz-Even eis am Alter vun 101 Joer verlooss huet. Bis virun 2 Joer, huet si nach eleng zu Heeschdref op der Haaptstrooss am fr\u00e9iere Caf\u00e9 Schwartz gewunnt, \u00e9ier si decid\u00e9iert huet d\u00e9i aner S\u00e4it vun der Strooss an d\u2019Altersheem wunnen ze goen.&nbsp;<\/p>\n\n\n\n<p>Si war eng gebuere Gesch\u00e4ftsfra a K\u00e4chin, fl\u00e4isseg, kompetent a schlagf\u00e4erdeg, \u00ebmmer gutt gelaunt, g\u00e4ren an der Gesellschaft, esou konnt si bis zum Schluss en onofh\u00e4ngegt Liewe f\u00e9ieren. Aus hirem Bestietnis sinn 2 Kanner ervirgaangen, d\u2019Annette an de Roger, 4 Enkelkanner a 5 Urenkelen, d\u00e9i gutt a g\u00e4ren no hir gekuckt hunn. Bis zum Schluss huet si drop gehalen all Dag duerch de sch\u00e9ine Park ze tr\u00ebppelen an d\u2019Natur ze bewonneren.<\/p>\n\n\n\n<p>D\u2019Madame Maisy Schwartz-Even oder d\u2019Tatta Maus war den eelste Member an eiser Steeseler DP-Sektioun. Hire Mann L\u00e9o Schwartz, e gudde L\u00ebtzebuerger, e Resistenzler an en Heeschdrefer Urgesteen, ass 1948 dem liberale Groupement Patriotique et D\u00e9mocratique b\u00e4igetrueden, der Virg\u00e4ngerorganisatioun vun der haiteger Demokratescher Partei, d\u00e9i jo er\u00e9ischt 1955 gegr\u00ebnnt ginn ass. Duerfir ass et och net verwonnerlech, dass am Caf\u00e9 Schwartz d\u2019DP Sektioun Steesel-M\u00eblleref-Heeschdref ufangs 1973 gegr\u00ebnnt ginn ass. Hei hunn d\u00e9i Liberal sech reegelm\u00e9isseg getraff fir besonnesch iwwer d\u2019Lokalpolitik ze diskut\u00e9ieren, mee och d\u00e9i politesch Vertrieder aus Regierung a Chamber hunn sech g\u00e4ren hei gesinn, a net n\u00ebmme virun de Walen.<\/p>\n\n\n\n<p>Bis 2015 sinn am Chalet \u00abUm H\u00e9ije R\u00e9ck\u00bb Duerffester organis\u00e9iert ginn, vun der Musek, vum F\u00ebscherclub, an och d\u2019DP huet all Joer hiert Grill-Fest mat Succ\u00e8s hei ofgehalen an dat an enger gaaschtfr\u00ebndlecher Atmosph\u00e4r, w\u00e9i se haut seelen ze fannen ass.<\/p>\n\n\n\n<p>Am Numm vun der Steeseler DP-Sektioun, w\u00eblle mir der ganzer Famill eist h\u00e4erzlechst Matgefill ausdr\u00e9cken a merci soe fir dat wat d\u2019Madame Schwartz an all deene Jore fir eis Sektioun gemaach huet.<\/p>\n\n\n\n<p>\u00c4ddi Tatta Maus, mir w\u00e4erten dech \u00ebmmer a beschter Er\u00ebnnerung behalen.<\/p>\n\n\n\n<figure class=\"wp-block-gallery has-nested-images columns-default is-cropped wp-block-gallery-1 is-layout-flex wp-block-gallery-is-layout-flex\"><\/figure>\n","protected":false},"excerpt":{"rendered":"<p>De 6.&nbsp;Januar 2025 hu mir d\u00e9i traureg Noriicht kritt, dass d\u2019Mme Maisy Schwartz-Even eis am Alter vun 101 Joer verlooss huet. Bis virun 2 Joer, huet si nach eleng zu Heeschdref op der Haaptstrooss am fr\u00e9iere Caf\u00e9 Schwartz gewunnt, \u00e9ier si decid\u00e9iert huet d\u00e9i aner S\u00e4it vun der Strooss an d\u2019Altersheem wunnen ze goen.&nbsp; Si [&hellip;]<\/p>\n","protected":false},"author":435,"featured_media":0,"comment_status":"closed","ping_status":"closed","sticky":false,"template":"","format":"standard","meta":{"footnotes":""},"categories":[1],"tags":[],"class_list":["post-842","post","type-post","status-publish","format-standard","hentry","category-news","wpbf-post"],"_links":{"self":[{"href":"https:\/\/www.dp.lu\/steesel\/wp-json\/wp\/v2\/posts\/842","targetHints":{"allow":["GET"]}}],"collection":[{"href":"https:\/\/www.dp.lu\/steesel\/wp-json\/wp\/v2\/posts"}],"about":[{"href":"https:\/\/www.dp.lu\/steesel\/wp-json\/wp\/v2\/types\/post"}],"author":[{"embeddable":true,"href":"https:\/\/www.dp.lu\/steesel\/wp-json\/wp\/v2\/users\/435"}],"replies":[{"embeddable":true,"href":"https:\/\/www.dp.lu\/steesel\/wp-json\/wp\/v2\/comments?post=842"}],"version-history":[{"count":10,"href":"https:\/\/www.dp.lu\/steesel\/wp-json\/wp\/v2\/posts\/842\/revisions"}],"predecessor-version":[{"id":861,"href":"https:\/\/www.dp.lu\/steesel\/wp-json\/wp\/v2\/posts\/842\/revisions\/861"}],"wp:attachment":[{"href":"https:\/\/www.dp.lu\/steesel\/wp-json\/wp\/v2\/media?parent=842"}],"wp:term":[{"taxonomy":"category","embeddable":true,"href":"https:\/\/www.dp.lu\/steesel\/wp-json\/wp\/v2\/categories?post=842"},{"taxonomy":"post_tag","embeddable":true,"href":"https:\/\/www.dp.lu\/steesel\/wp-json\/wp\/v2\/tags?post=842"}],"curies":[{"name":"wp","href":"https:\/\/api.w.org\/{rel}","templated":true}]}}