{"id":870,"date":"2025-07-04T14:19:06","date_gmt":"2025-07-04T14:19:06","guid":{"rendered":"https:\/\/www.dp.lu\/steesel\/?p=870"},"modified":"2025-07-04T14:54:46","modified_gmt":"2025-07-04T14:54:46","slug":"vereedegung-vum-charel-cannive","status":"publish","type":"post","link":"https:\/\/www.dp.lu\/steesel\/vereedegung-vum-charel-cannive\/","title":{"rendered":"Vereedegung vum Charel Canniv\u00e9"},"content":{"rendered":"\n<div class=\"wp-block-group is-layout-constrained wp-block-group-is-layout-constrained\">\n<p>No der Demissioun vum Jana Degrott gouf de Charel Canniv\u00e9 den 30. Juni 2025 als neie Member vum Gemengerot vereedegt.&nbsp;<br>D&#8217;Vereedegungszeremonie gouf vum H\u00e4r Buergermeeschter Fernand Marchetti presid\u00e9iert.<br><br><br>Charel, mir free\u00ebn eis immens, dech als&nbsp;neie&nbsp;<strong>Gemengeconseiller<\/strong>&nbsp;dierfe&nbsp;virzestellen. Mat dengem fr\u00ebsche Bl\u00e9ck, dengem Engagement an denger Bereetschaft, Verantwortung ze iwwerhuelen, br\u00e9ngs Du neien Elan an d&#8217;Gemengepolitik vu Steesel.<\/p>\n\n\n\n<p>Du stees fir d\u00e9i W\u00e4erter, d\u00e9i eis als DP wichteg sinn:&nbsp;<strong>Oppent Denken, Zesummenhalt a Verantwortung fir d\u2019Zukunft<\/strong>. Mir si fest dovun iwwerzeegt, dass\u2019s du d\u00ebs Roll mat Engagement an Iwwerzeegung w\u00e4erts erf\u00ebllen.<\/p>\n\n\n\n<p>Mir w\u00ebnschen Dir vill&nbsp;<strong>Motivatioun, Erfolleg a Freed<\/strong>&nbsp;bei dengem neie Mandat, a mir stinn alleguerten hannert Dir \u2013 als Equipe an als Sektioun.<br><br><br><strong>Merci, Jana!<\/strong><\/p>\n\n\n\n<p>D&#8217;DP Steesel seet Dir,&nbsp;<strong>Jana<\/strong>,&nbsp;e ganz grousse&nbsp;<strong>Merci<\/strong>&nbsp;fir d\u00e4i laangj\u00e4regen Engagement als&nbsp;<strong>Gemengenconseill\u00e8re<\/strong>&nbsp;an als&nbsp;<strong>aktive Member an eiser Sektioun<\/strong>.<\/p>\n\n\n\n<p>Mat dengem Asaz, denger W\u00e4itsiicht a dengem Engagement hues du wichteg Spueren an eiser Gemeng hannerlooss. Du hues d&#8217;DP Steesel iwwer Jore vertrueden \u2013 mat Kloerheet, W\u00e4erter a mat engem oppene Bl\u00e9ck no vir.<\/p>\n\n\n\n<p>Mir sinn Dir dofir&nbsp;<strong>onheemlech dankbar<\/strong>, dass\u2019s du sou laang un der S\u00e4it vun eiser Equipe gestanen hues, a mir w\u00ebnschen dir&nbsp;<strong>fir deng n\u00e4chst Schr\u00ebtt n\u00ebmmen dat Bescht<\/strong>&nbsp;\u2013 privat w\u00e9i berufflech.<\/p>\n\n\n\n<p>Du bleifs&nbsp;<strong>eng wichteg St\u00ebmm<\/strong>&nbsp;an eng Inspiratioun fir d\u00e9i Jonk w\u00e9i och fir d\u00e9i manner Jonk.<br>Eemol DP, \u00ebmmer DP!<\/p>\n\n\n\n<p><strong>Deng DP Steesel<\/strong>&nbsp;<br><br><\/p>\n<\/div>\n\n\n\n<p><\/p>\n\n\n\n<figure class=\"wp-block-gallery has-nested-images columns-default is-cropped wp-block-gallery-1 is-layout-flex wp-block-gallery-is-layout-flex\">\n<figure class=\"wp-block-image size-large\"><img fetchpriority=\"high\" decoding=\"async\" width=\"1024\" height=\"576\" data-id=\"872\" src=\"https:\/\/www.dp.lu\/steesel\/wp-content\/uploads\/sites\/24\/2025\/07\/WhatsApp-Image-2025-07-04-at-15.56.59-1-1024x576.jpeg\" alt=\"\" class=\"wp-image-872\" srcset=\"https:\/\/www.dp.lu\/steesel\/wp-content\/uploads\/sites\/24\/2025\/07\/WhatsApp-Image-2025-07-04-at-15.56.59-1-1024x576.jpeg 1024w, https:\/\/www.dp.lu\/steesel\/wp-content\/uploads\/sites\/24\/2025\/07\/WhatsApp-Image-2025-07-04-at-15.56.59-1-300x169.jpeg 300w, https:\/\/www.dp.lu\/steesel\/wp-content\/uploads\/sites\/24\/2025\/07\/WhatsApp-Image-2025-07-04-at-15.56.59-1-768x432.jpeg 768w, https:\/\/www.dp.lu\/steesel\/wp-content\/uploads\/sites\/24\/2025\/07\/WhatsApp-Image-2025-07-04-at-15.56.59-1-1536x864.jpeg 1536w, https:\/\/www.dp.lu\/steesel\/wp-content\/uploads\/sites\/24\/2025\/07\/WhatsApp-Image-2025-07-04-at-15.56.59-1.jpeg 1600w\" sizes=\"(max-width: 1024px) 100vw, 1024px\" \/><\/figure>\n<\/figure>\n\n\n\n<figure class=\"wp-block-gallery has-nested-images columns-default is-cropped wp-block-gallery-2 is-layout-flex wp-block-gallery-is-layout-flex\">\n<figure class=\"wp-block-image size-large\"><img decoding=\"async\" width=\"1024\" height=\"576\" data-id=\"873\" src=\"https:\/\/www.dp.lu\/steesel\/wp-content\/uploads\/sites\/24\/2025\/07\/WhatsApp-Image-2025-07-04-at-15.57.00-1-1024x576.jpeg\" alt=\"\" class=\"wp-image-873\" srcset=\"https:\/\/www.dp.lu\/steesel\/wp-content\/uploads\/sites\/24\/2025\/07\/WhatsApp-Image-2025-07-04-at-15.57.00-1-1024x576.jpeg 1024w, https:\/\/www.dp.lu\/steesel\/wp-content\/uploads\/sites\/24\/2025\/07\/WhatsApp-Image-2025-07-04-at-15.57.00-1-300x169.jpeg 300w, https:\/\/www.dp.lu\/steesel\/wp-content\/uploads\/sites\/24\/2025\/07\/WhatsApp-Image-2025-07-04-at-15.57.00-1-768x432.jpeg 768w, https:\/\/www.dp.lu\/steesel\/wp-content\/uploads\/sites\/24\/2025\/07\/WhatsApp-Image-2025-07-04-at-15.57.00-1-1536x864.jpeg 1536w, https:\/\/www.dp.lu\/steesel\/wp-content\/uploads\/sites\/24\/2025\/07\/WhatsApp-Image-2025-07-04-at-15.57.00-1.jpeg 1600w\" sizes=\"(max-width: 1024px) 100vw, 1024px\" \/><\/figure>\n<\/figure>\n\n\n\n<figure class=\"wp-block-gallery has-nested-images columns-default is-cropped wp-block-gallery-3 is-layout-flex wp-block-gallery-is-layout-flex\">\n<figure class=\"wp-block-image size-large\"><img decoding=\"async\" width=\"1024\" height=\"768\" data-id=\"879\" src=\"https:\/\/www.dp.lu\/steesel\/wp-content\/uploads\/sites\/24\/2025\/07\/WhatsApp-Image-2025-07-04-at-16.53.14-1024x768.jpeg\" alt=\"\" class=\"wp-image-879\" srcset=\"https:\/\/www.dp.lu\/steesel\/wp-content\/uploads\/sites\/24\/2025\/07\/WhatsApp-Image-2025-07-04-at-16.53.14-1024x768.jpeg 1024w, https:\/\/www.dp.lu\/steesel\/wp-content\/uploads\/sites\/24\/2025\/07\/WhatsApp-Image-2025-07-04-at-16.53.14-300x225.jpeg 300w, https:\/\/www.dp.lu\/steesel\/wp-content\/uploads\/sites\/24\/2025\/07\/WhatsApp-Image-2025-07-04-at-16.53.14-768x576.jpeg 768w, https:\/\/www.dp.lu\/steesel\/wp-content\/uploads\/sites\/24\/2025\/07\/WhatsApp-Image-2025-07-04-at-16.53.14-1536x1152.jpeg 1536w, https:\/\/www.dp.lu\/steesel\/wp-content\/uploads\/sites\/24\/2025\/07\/WhatsApp-Image-2025-07-04-at-16.53.14.jpeg 1600w\" sizes=\"(max-width: 1024px) 100vw, 1024px\" \/><\/figure>\n<\/figure>\n","protected":false},"excerpt":{"rendered":"<p>No der Demissioun vum Jana Degrott gouf de Charel Canniv\u00e9 den 30. Juni 2025 als neie Member vum Gemengerot vereedegt.&nbsp;D&#8217;Vereedegungszeremonie gouf vum H\u00e4r Buergermeeschter Fernand Marchetti presid\u00e9iert. Charel, mir free\u00ebn eis immens, dech als&nbsp;neie&nbsp;Gemengeconseiller&nbsp;dierfe&nbsp;virzestellen. Mat dengem fr\u00ebsche Bl\u00e9ck, dengem Engagement an denger Bereetschaft, Verantwortung ze iwwerhuelen, br\u00e9ngs Du neien Elan an d&#8217;Gemengepolitik vu Steesel. Du [&hellip;]<\/p>\n","protected":false},"author":435,"featured_media":0,"comment_status":"closed","ping_status":"closed","sticky":false,"template":"","format":"standard","meta":{"footnotes":""},"categories":[1],"tags":[],"class_list":["post-870","post","type-post","status-publish","format-standard","hentry","category-news","wpbf-post"],"_links":{"self":[{"href":"https:\/\/www.dp.lu\/steesel\/wp-json\/wp\/v2\/posts\/870","targetHints":{"allow":["GET"]}}],"collection":[{"href":"https:\/\/www.dp.lu\/steesel\/wp-json\/wp\/v2\/posts"}],"about":[{"href":"https:\/\/www.dp.lu\/steesel\/wp-json\/wp\/v2\/types\/post"}],"author":[{"embeddable":true,"href":"https:\/\/www.dp.lu\/steesel\/wp-json\/wp\/v2\/users\/435"}],"replies":[{"embeddable":true,"href":"https:\/\/www.dp.lu\/steesel\/wp-json\/wp\/v2\/comments?post=870"}],"version-history":[{"count":6,"href":"https:\/\/www.dp.lu\/steesel\/wp-json\/wp\/v2\/posts\/870\/revisions"}],"predecessor-version":[{"id":881,"href":"https:\/\/www.dp.lu\/steesel\/wp-json\/wp\/v2\/posts\/870\/revisions\/881"}],"wp:attachment":[{"href":"https:\/\/www.dp.lu\/steesel\/wp-json\/wp\/v2\/media?parent=870"}],"wp:term":[{"taxonomy":"category","embeddable":true,"href":"https:\/\/www.dp.lu\/steesel\/wp-json\/wp\/v2\/categories?post=870"},{"taxonomy":"post_tag","embeddable":true,"href":"https:\/\/www.dp.lu\/steesel\/wp-json\/wp\/v2\/tags?post=870"}],"curies":[{"name":"wp","href":"https:\/\/api.w.org\/{rel}","templated":true}]}}