{"id":897,"date":"2025-08-13T08:08:46","date_gmt":"2025-08-13T08:08:46","guid":{"rendered":"https:\/\/www.dp.lu\/steesel\/?p=897"},"modified":"2025-08-13T08:10:27","modified_gmt":"2025-08-13T08:10:27","slug":"visitt-vum-rommeschterhaff","status":"publish","type":"post","link":"https:\/\/www.dp.lu\/steesel\/visitt-vum-rommeschterhaff\/","title":{"rendered":"Visitt vum Rommeschterhaff\u00a0"},"content":{"rendered":"\n<p><p style=\"font-family: Helvetica;font-size: 12px\"><span style=\"font-size: 14px\">Visitt vun der Biogasanlag an dem modernen H\u00e9ngerstall!Op Invitatioun vum Charel Canniv\u00e9, dem neie Steeseler Gemengeconseiller,huet de Comit\u00e9 vun der lokaler DP-Sektioun de Rommeschterhaff besicht.<\/span>\u00a0<\/p><\/p>\n\n\n\n<p><p style=\"font-family: Helvetica;font-size: 12px\"><span style=\"font-size: 14px\">Visite de la station de biom\u00e9thanisation et du poulailler d&#8217;\u00e9levage moderne.Sur invitation de Charles Canniv\u00e9, nouveau conseiller communal de Steinsel<\/span><\/p>,<span style=\"font-size: 14px;font-family: Helvetica\">le comit\u00e9 de la section locale du DP s&#8217;est donn\u00e9 rendez-vous \u00e0 la ferme Rommeschterhaff.<\/span><\/p>\n\n\n\n<p><p style=\"font-family: Helvetica;font-size: 12px\"><\/p><\/p>\n\n\n\n<figure class=\"wp-block-image size-large\"><img fetchpriority=\"high\" decoding=\"async\" width=\"1024\" height=\"768\" src=\"https:\/\/www.dp.lu\/steesel\/wp-content\/uploads\/sites\/24\/2025\/08\/Visite-Rommeschterhaff-1024x768.jpg\" alt=\"\" class=\"wp-image-898\" srcset=\"https:\/\/www.dp.lu\/steesel\/wp-content\/uploads\/sites\/24\/2025\/08\/Visite-Rommeschterhaff-1024x768.jpg 1024w, https:\/\/www.dp.lu\/steesel\/wp-content\/uploads\/sites\/24\/2025\/08\/Visite-Rommeschterhaff-300x225.jpg 300w, https:\/\/www.dp.lu\/steesel\/wp-content\/uploads\/sites\/24\/2025\/08\/Visite-Rommeschterhaff-768x576.jpg 768w, https:\/\/www.dp.lu\/steesel\/wp-content\/uploads\/sites\/24\/2025\/08\/Visite-Rommeschterhaff-1536x1152.jpg 1536w, https:\/\/www.dp.lu\/steesel\/wp-content\/uploads\/sites\/24\/2025\/08\/Visite-Rommeschterhaff-2048x1536.jpg 2048w\" sizes=\"(max-width: 1024px) 100vw, 1024px\" \/><\/figure>\n\n\n\n<p><\/p>\n\n\n\n<figure class=\"wp-block-image size-large\"><img decoding=\"async\" width=\"1024\" height=\"768\" src=\"https:\/\/www.dp.lu\/steesel\/wp-content\/uploads\/sites\/24\/2025\/08\/IMG_6298-1024x768.jpg\" alt=\"\" class=\"wp-image-899\" srcset=\"https:\/\/www.dp.lu\/steesel\/wp-content\/uploads\/sites\/24\/2025\/08\/IMG_6298-1024x768.jpg 1024w, https:\/\/www.dp.lu\/steesel\/wp-content\/uploads\/sites\/24\/2025\/08\/IMG_6298-300x225.jpg 300w, https:\/\/www.dp.lu\/steesel\/wp-content\/uploads\/sites\/24\/2025\/08\/IMG_6298-768x576.jpg 768w, https:\/\/www.dp.lu\/steesel\/wp-content\/uploads\/sites\/24\/2025\/08\/IMG_6298-1536x1152.jpg 1536w, https:\/\/www.dp.lu\/steesel\/wp-content\/uploads\/sites\/24\/2025\/08\/IMG_6298-2048x1536.jpg 2048w\" sizes=\"(max-width: 1024px) 100vw, 1024px\" \/><\/figure>\n\n\n\n<figure class=\"wp-block-image size-large\"><img decoding=\"async\" width=\"866\" height=\"1024\" src=\"https:\/\/www.dp.lu\/steesel\/wp-content\/uploads\/sites\/24\/2025\/08\/Biogasanlag-866x1024.jpg\" alt=\"\" class=\"wp-image-900\" srcset=\"https:\/\/www.dp.lu\/steesel\/wp-content\/uploads\/sites\/24\/2025\/08\/Biogasanlag-866x1024.jpg 866w, https:\/\/www.dp.lu\/steesel\/wp-content\/uploads\/sites\/24\/2025\/08\/Biogasanlag-254x300.jpg 254w, https:\/\/www.dp.lu\/steesel\/wp-content\/uploads\/sites\/24\/2025\/08\/Biogasanlag-768x909.jpg 768w, https:\/\/www.dp.lu\/steesel\/wp-content\/uploads\/sites\/24\/2025\/08\/Biogasanlag-1298x1536.jpg 1298w, https:\/\/www.dp.lu\/steesel\/wp-content\/uploads\/sites\/24\/2025\/08\/Biogasanlag-1731x2048.jpg 1731w\" sizes=\"(max-width: 866px) 100vw, 866px\" \/><\/figure>\n","protected":false},"excerpt":{"rendered":"<p>Visitt vun der Biogasanlag an dem modernen H\u00e9ngerstall!Op Invitatioun vum Charel Canniv\u00e9, dem neie Steeseler Gemengeconseiller,huet de Comit\u00e9 vun der lokaler DP-Sektioun de Rommeschterhaff besicht.\u00a0 Visite de la station de biom\u00e9thanisation et du poulailler d&#8217;\u00e9levage moderne.Sur invitation de Charles Canniv\u00e9, nouveau conseiller communal de Steinsel ,le comit\u00e9 de la section locale du DP s&#8217;est donn\u00e9 [&hellip;]<\/p>\n","protected":false},"author":435,"featured_media":0,"comment_status":"closed","ping_status":"closed","sticky":false,"template":"","format":"standard","meta":{"footnotes":""},"categories":[1],"tags":[],"class_list":["post-897","post","type-post","status-publish","format-standard","hentry","category-news","wpbf-post"],"_links":{"self":[{"href":"https:\/\/www.dp.lu\/steesel\/wp-json\/wp\/v2\/posts\/897","targetHints":{"allow":["GET"]}}],"collection":[{"href":"https:\/\/www.dp.lu\/steesel\/wp-json\/wp\/v2\/posts"}],"about":[{"href":"https:\/\/www.dp.lu\/steesel\/wp-json\/wp\/v2\/types\/post"}],"author":[{"embeddable":true,"href":"https:\/\/www.dp.lu\/steesel\/wp-json\/wp\/v2\/users\/435"}],"replies":[{"embeddable":true,"href":"https:\/\/www.dp.lu\/steesel\/wp-json\/wp\/v2\/comments?post=897"}],"version-history":[{"count":3,"href":"https:\/\/www.dp.lu\/steesel\/wp-json\/wp\/v2\/posts\/897\/revisions"}],"predecessor-version":[{"id":904,"href":"https:\/\/www.dp.lu\/steesel\/wp-json\/wp\/v2\/posts\/897\/revisions\/904"}],"wp:attachment":[{"href":"https:\/\/www.dp.lu\/steesel\/wp-json\/wp\/v2\/media?parent=897"}],"wp:term":[{"taxonomy":"category","embeddable":true,"href":"https:\/\/www.dp.lu\/steesel\/wp-json\/wp\/v2\/categories?post=897"},{"taxonomy":"post_tag","embeddable":true,"href":"https:\/\/www.dp.lu\/steesel\/wp-json\/wp\/v2\/tags?post=897"}],"curies":[{"name":"wp","href":"https:\/\/api.w.org\/{rel}","templated":true}]}}