{"id":285,"date":"2020-03-28T06:56:00","date_gmt":"2020-03-28T06:56:00","guid":{"rendered":"https:\/\/www.dp.lu\/stengefort\/?p=285"},"modified":"2023-03-28T06:56:41","modified_gmt":"2023-03-28T06:56:41","slug":"velosweeer-an-douce-mobiliteit","status":"publish","type":"post","link":"https:\/\/www.dp.lu\/stengefort\/velosweeer-an-douce-mobiliteit\/","title":{"rendered":"<strong>V\u00ebloswee\u00ebr an douce Mobilit\u00e9it<\/strong>"},"content":{"rendered":"\n<p class=\"has-black-color has-text-color\">D\u2019LSAP\/D\u00e9i Gr\u00e9ng Majorit\u00e9it ass op der Sich fir eng L\u00e9isung fir eis verschidden Uertschaften iwwert de Wee vun doucer Mobilit\u00e9it a mat V\u00ebloswee\u00ebr&nbsp;ze verbannen. Dofir ginn si d\u00ebst Joer eng Et\u00fcd an Optrag.<\/p>\n\n\n\n<p class=\"has-black-color has-text-color\">D&#8217;Gemeng Arel ass op si duer komm fir eng V\u00eblospiste&nbsp;vun Arel iwwer Sterpenich laanscht&nbsp;d\u2019Eisebunn bis op Klengbetten ze maachen. D\u00ebst ass e Projet den en am Prinzip n\u00ebmme begr\u00e9isse&nbsp;kann.<\/p>\n\n\n\n<p class=\"has-black-color has-text-color\">En anere Projet, den och scho&nbsp;vun hire Virg\u00e4nger ugaange&nbsp;ginn ass, ass eng V\u00eblosverbindung vu&nbsp;Klengbetten op Grass. Hei ass de Projet un enger Rei Propriet\u00e4re&nbsp;gescheitert, d\u00e9i de&nbsp;ben\u00e9idegten&nbsp;Terrain net wollte verkafen&nbsp;oder verpachten. \u00c9ischten Aussoe&nbsp;vun dem j\u00ebtzege Sch\u00e4fferot sch\u00e9int do och weider hin&nbsp;sech n\u00e4ischt&nbsp;ge\u00e4nnert ze hunn.<\/p>\n\n\n\n<p class=\"has-black-color has-text-color\">&nbsp;Bleift also nach Vernetzung vu&nbsp;Klengbetten, Hoen a Stengefort.<\/p>\n\n\n\n<p class=\"has-black-color has-text-color\">Hei hat d\u2019CSV\/DP Majorit\u00e9it senger Z\u00e4it scho&nbsp;mam Mobilit\u00e9its an Infrastrukturminister no enger L\u00e9isung&nbsp;gesicht. D\u00e9i ass fonnt ginn an dem&nbsp;en d\u00e9i national V\u00eblospiste&nbsp;vun den dr\u00e4i Br\u00e9cken erfort op den Trac\u00e9 vun der aler Attertlinn t\u00ebschent&nbsp;Klengbetten iwwert Hoener Gare laanscht&nbsp;Stengeforter Gare bis bei de Mirador an de Kloterpark f\u00e9iert. Den Uschloss vun der Klengbettener Gare op den Trac\u00e9 vun der Attertlinn ass schonn iwwert de&nbsp;bestoende Feldwee gemaach. D\u00ebse Wee k\u00e9int esou gutt fir V\u00ebloen&nbsp;w\u00e9i och fir Foussg\u00e4nger&nbsp;benotzt ginn.<\/p>\n\n\n\n<p class=\"has-black-color has-text-color\">Op d\u00e9i verschidden Interventioune&nbsp;vum leschte&nbsp;Sch\u00e4fferot ass dunn&nbsp;den Trac\u00e9 vun der Attertlinn aus dem &#8220;Fonds du rail&#8221; an de &#8220;Fonds des routes&#8221; eriwwergeluegt ginn. Esou huet d\u2019Ponts et Chauss\u00e9es, d\u00e9i zoust\u00e4nneg si&nbsp;fir d\u00e9i national V\u00eblospisten&nbsp;d\u2019M\u00e9iglechkeet kritt fir &nbsp;d\u00ebs&nbsp;Aarbechten ze maachen. Leider war et dem leschte&nbsp;Sch\u00e4fferot net m\u00e9i m\u00e9iglech op d\u2019\u00cbmsetzung&nbsp;vun d\u00ebsem Projet ze pochen.<\/p>\n\n\n\n<p class=\"has-black-color has-text-color\">De j\u00ebtzege&nbsp;Sch\u00e4fferot l\u00e9isst do l\u00e9iwer Gottes Waasser iwwert Gottes Land lafe&nbsp;w\u00e9i sech opzerappen a bei den zoust\u00e4nnege Minist\u00e8ren a Verwaltungen Drock ze maachen.<\/p>\n\n\n\n<p class=\"has-black-color has-text-color\">Si s\u00ebtze&nbsp;l\u00e9iwer Kreditter fir deier&nbsp;Et\u00fcden an de Budget fir duerno&nbsp;vill\u00e4icht op dat selwecht&nbsp;Resultat ze kommen. Mee da brauche&nbsp;mer awer net zou ze ginn, dass d\u00ebse&nbsp;Projet vun anere&nbsp;schonns ugaange gi&nbsp;war.<\/p>\n\n\n\n<p class=\"has-black-color has-text-color\">DP Sektioun Stengefort<\/p>\n\n\n\n<p class=\"has-black-color has-text-color\"><\/p>\n\n\n\n<p class=\"has-black-color has-text-color\"><strong>Pistes cyclables et mobilit\u00e9 douce.<\/strong><\/p>\n\n\n\n<p class=\"has-black-color has-text-color\">La majorit\u00e9 du LSAP\/D\u00e9i Gr\u00e9ng est \u00e0 la recherche d\u2019une solution pour relier les diff\u00e9rentes localit\u00e9s de notre commune par voie de mobilit\u00e9 douce. Voil\u00e0 pourquoi le conseil \u00e9chevinal entend commanditer une \u00e9tude aff\u00e9rente.<\/p>\n\n\n\n<p class=\"has-black-color has-text-color\">La commune d\u2019Arlon a propos\u00e9 de relier Arlon avec la localit\u00e9 de Kleinbettingen par une piste cyclable longeant le trac\u00e9 de la ligne des chemins de fer. Ceci est un projet qu\u2019on ne peut qu\u2019applaudir.<\/p>\n\n\n\n<p class=\"has-black-color has-text-color\">Un autre projet qui avait d\u00e9j\u00e0 \u00e9t\u00e9 entam\u00e9 par la majorit\u00e9 pr\u00e9c\u00e9dente concernait la mise en place d\u2019une piste cyclable reliant Kleinbettingen et la localit\u00e9 de Grass avec son zoning artisanal. Malheureusement ce projet n\u2019a pas pu \u00eatre r\u00e9alis\u00e9 \u00e0 l\u2019\u00e9poque vu que certains propri\u00e9taires refusaient de c\u00e9der, vendre ou louer des parties de leurs terrains pour permettre le passage de la piste cyclable. D\u2019apr\u00e8s nos informations la situation ne semble pas avoir chang\u00e9e.<\/p>\n\n\n\n<p class=\"has-black-color has-text-color\">En vue de relier les localit\u00e9s de Kleinbettingen, Hagen et Grass la majorit\u00e9 pr\u00e9c\u00e9dente CSV\/DP s\u2019\u00e9tait mise en contact avec le minist\u00e8re de la mobilit\u00e9 et celui des travaux publics ainsi que les administrations concern\u00e9es. Une solution a pu \u00eatre \u00e9labor\u00e9e en modifiant le trac\u00e9 de la piste cyclable nationale parcourant notre commune. Cette modification partait du lieu-dit \u00ab&nbsp;Dr\u00e4i Br\u00e9cken&nbsp;\u00bb pour suivre ensuite l\u2019ancien trac\u00e9 de la ligne des chemins de fer \u00ab&nbsp;Atterlinn&nbsp;\u00bb et reliant Hagen \u00e0 Steinfort. Au lieu-dit \u00ab&nbsp;Essegfabrik&nbsp;\u00bb on r\u00e9cup\u00e9rait le chemin vicinal venant de Kleinbettingen.<\/p>\n\n\n\n<p class=\"has-black-color has-text-color\">Suite aux diff\u00e9rentes interventions du conseil \u00e9chevinal de la majorit\u00e9 pr\u00e9c\u00e9dente le trac\u00e9 de la \u00ab&nbsp;Atterlinn&nbsp;\u00bb avait \u00e9t\u00e9 transf\u00e9r\u00e9 de la comp\u00e9tence du fonds du rail dans celle du fonds des routes.<\/p>\n\n\n\n<p class=\"has-black-color has-text-color\">Ainsi, l\u2019administration des Ponts et Chauss\u00e9es comp\u00e9tente pour l\u2019am\u00e9nagement et l\u2019entretien du r\u00e9seau national des pistes cyclables dispose des moyens de proc\u00e9der aux travaux n\u00e9cessaires.<\/p>\n\n\n\n<p class=\"has-black-color has-text-color\">Le conseil \u00e9chevinal actuel ne semble pas donner de suites \u00e0 ce projet et pr\u00e9f\u00e8re commanditer des \u00e9tudes sur la mobilit\u00e9 douce au lieu de pers\u00e9v\u00e9rer dans la direction entam\u00e9e et de faire pression sur les minist\u00e8res et administrations concern\u00e9es par ledit projet.<\/p>\n\n\n\n<p class=\"has-black-color has-text-color\">Le comit\u00e9 de la section locale du DP<\/p>\n","protected":false},"excerpt":{"rendered":"<p>D\u2019LSAP\/D\u00e9i Gr\u00e9ng Majorit\u00e9it ass op der Sich fir eng L\u00e9isung fir eis verschidden Uertschaften iwwert de Wee vun doucer Mobilit\u00e9it a mat V\u00ebloswee\u00ebr\u00a0ze verbannen. Dofir ginn si d\u00ebst Joer eng Et\u00fcd an Optrag.<\/p>\n","protected":false},"author":380,"featured_media":0,"comment_status":"closed","ping_status":"closed","sticky":false,"template":"","format":"standard","meta":{"footnotes":""},"categories":[1],"tags":[],"class_list":["post-285","post","type-post","status-publish","format-standard","hentry","category-news","wpbf-post"],"_links":{"self":[{"href":"https:\/\/www.dp.lu\/stengefort\/wp-json\/wp\/v2\/posts\/285","targetHints":{"allow":["GET"]}}],"collection":[{"href":"https:\/\/www.dp.lu\/stengefort\/wp-json\/wp\/v2\/posts"}],"about":[{"href":"https:\/\/www.dp.lu\/stengefort\/wp-json\/wp\/v2\/types\/post"}],"author":[{"embeddable":true,"href":"https:\/\/www.dp.lu\/stengefort\/wp-json\/wp\/v2\/users\/380"}],"replies":[{"embeddable":true,"href":"https:\/\/www.dp.lu\/stengefort\/wp-json\/wp\/v2\/comments?post=285"}],"version-history":[{"count":1,"href":"https:\/\/www.dp.lu\/stengefort\/wp-json\/wp\/v2\/posts\/285\/revisions"}],"predecessor-version":[{"id":287,"href":"https:\/\/www.dp.lu\/stengefort\/wp-json\/wp\/v2\/posts\/285\/revisions\/287"}],"wp:attachment":[{"href":"https:\/\/www.dp.lu\/stengefort\/wp-json\/wp\/v2\/media?parent=285"}],"wp:term":[{"taxonomy":"category","embeddable":true,"href":"https:\/\/www.dp.lu\/stengefort\/wp-json\/wp\/v2\/categories?post=285"},{"taxonomy":"post_tag","embeddable":true,"href":"https:\/\/www.dp.lu\/stengefort\/wp-json\/wp\/v2\/tags?post=285"}],"curies":[{"name":"wp","href":"https:\/\/api.w.org\/{rel}","templated":true}]}}