{"id":555,"date":"2024-03-27T14:16:03","date_gmt":"2024-03-27T14:16:03","guid":{"rendered":"https:\/\/www.dp.lu\/stengefort\/?p=555"},"modified":"2024-03-27T14:18:24","modified_gmt":"2024-03-27T14:18:24","slug":"dvertrieder-vun-der-demokratescher-partei-sektioun-stengefort-an-de-berodende-gemengekommissioune-vun-eiser-gemeng","status":"publish","type":"post","link":"https:\/\/www.dp.lu\/stengefort\/dvertrieder-vun-der-demokratescher-partei-sektioun-stengefort-an-de-berodende-gemengekommissioune-vun-eiser-gemeng\/","title":{"rendered":"D\u2019Vertrieder vun der Demokratescher Partei Sektioun Stengefort an de berodende Gemengekommissioune vun eiser Gemeng"},"content":{"rendered":"\n<p>Nodeems d\u2018Vertrieder vun de respektive Parteien an enger Rei vu Gemengekommissioune schonn am Dezember 2023 best\u00ebmmt goufen, war et an der Gemengerotss\u00ebtzung am Februar 2024 un de Vertrieder an de berodende Kommissiounen.<\/p>\n\n\n\n<p>Eis Vertrieder sinn:<\/p>\n\n\n\n<p><\/p>\n\n\n\n<p><strong>Les repr\u00e9sentants du parti d\u00e9mocratique Section de Steinfort dans les commissions consultatives de notre commune.<\/strong><\/p>\n\n\n\n<p>Apr\u00e8s la nomination des repr\u00e9sentants des diff\u00e9rents partis politiques pour une premi\u00e8re partie des commissions consultatives de notre commune en d\u00e9cembre 2023, les repr\u00e9sentants des autres commissions ont \u00e9t\u00e9 nomm\u00e9s lors de la r\u00e9union du conseil communal en f\u00e9vrier 2024.<\/p>\n\n\n\n<p>Nos repr\u00e9sentants sont\u00a0:<\/p>\n\n\n\n<p><\/p>\n\n\n\n<p><strong>Finanzkommissioun \/ commission des finances<\/strong><\/p>\n\n\n\n<p>Daniel Frieden<\/p>\n\n\n\n<p><strong>Schoulkommissioun \/ commission scolaire<\/strong><\/p>\n\n\n\n<p>Mireille Weis \u2013 Doemer<\/p>\n\n\n\n<p><strong>Bautekommissioun \/ commission des b\u00e2tisses<\/strong><\/p>\n\n\n\n<p>Andr\u00e9 Lippert<\/p>\n\n\n\n<p><strong>Jugendkommissioun \/ commission de la jeunesse<\/strong><\/p>\n\n\n\n<p>Pit Bichel<\/p>\n\n\n\n<p><strong>Kulturkommissioun \/ commission de la culture<\/strong><\/p>\n\n\n\n<p>Anne Muller<\/p>\n\n\n\n<p><strong>Secherheets- a Verk\u00e9ierskommissioun \/ commission de la s\u00e9curit\u00e9 et de la circulation<\/strong><\/p>\n\n\n\n<p>Pit Bichel<\/p>\n\n\n\n<p><strong>\u00cbmwelt- an douce mobilt\u00e9itskommission \/ commission environnement et mobilit\u00e9 douce<\/strong><\/p>\n\n\n\n<p>Jacques Muller<\/p>\n\n\n\n<p><strong>Sportskommissioun \/ commission des sports et loisirs<\/strong><\/p>\n\n\n\n<p>Marc Schaal<\/p>\n\n\n\n<p><strong>Sozial- a Gl\u00e4ichheetskommissioun \/ commission sociale et \u00e9galit\u00e9 des chances<\/strong><\/p>\n\n\n\n<p>Zo Vero Renaivason<\/p>\n\n\n\n<p><strong>Interkulturelt Zesummeliewen \/ commission du vivre-ensemble interculturel<\/strong><\/p>\n\n\n\n<p>Marie-Christine Ambroise \u00e9pouse Lippert<\/p>\n\n\n\n<p><strong>Familljen- a Seniorenkommissioun \/ commission de la famille et des Seniors<\/strong><\/p>\n\n\n\n<p>Roland Doemer<\/p>\n\n\n\n<p><strong>Klimapakt-Team \/ team pour le pacte climat<\/strong><\/p>\n\n\n\n<p>Daniel Frieden<\/p>\n\n\n\n<p><strong>Naturpakt-Team \/ team pour le pacte nature<\/strong><\/p>\n\n\n\n<p>Daniel Frieden an Jacques Muller<\/p>\n","protected":false},"excerpt":{"rendered":"<p>Nodeems d\u2018Vertrieder vun de respektive Parteien an enger Rei vu Gemengekommissioune schonn am Dezember 2023 best\u00ebmmt goufen, war et an der Gemengerotss\u00ebtzung am Februar 2024 un de Vertrieder an de berodende Kommissiounen.<\/p>\n","protected":false},"author":380,"featured_media":120,"comment_status":"closed","ping_status":"closed","sticky":false,"template":"","format":"standard","meta":{"footnotes":""},"categories":[1],"tags":[],"class_list":["post-555","post","type-post","status-publish","format-standard","has-post-thumbnail","hentry","category-news","wpbf-post"],"_links":{"self":[{"href":"https:\/\/www.dp.lu\/stengefort\/wp-json\/wp\/v2\/posts\/555","targetHints":{"allow":["GET"]}}],"collection":[{"href":"https:\/\/www.dp.lu\/stengefort\/wp-json\/wp\/v2\/posts"}],"about":[{"href":"https:\/\/www.dp.lu\/stengefort\/wp-json\/wp\/v2\/types\/post"}],"author":[{"embeddable":true,"href":"https:\/\/www.dp.lu\/stengefort\/wp-json\/wp\/v2\/users\/380"}],"replies":[{"embeddable":true,"href":"https:\/\/www.dp.lu\/stengefort\/wp-json\/wp\/v2\/comments?post=555"}],"version-history":[{"count":2,"href":"https:\/\/www.dp.lu\/stengefort\/wp-json\/wp\/v2\/posts\/555\/revisions"}],"predecessor-version":[{"id":557,"href":"https:\/\/www.dp.lu\/stengefort\/wp-json\/wp\/v2\/posts\/555\/revisions\/557"}],"wp:featuredmedia":[{"embeddable":true,"href":"https:\/\/www.dp.lu\/stengefort\/wp-json\/wp\/v2\/media\/120"}],"wp:attachment":[{"href":"https:\/\/www.dp.lu\/stengefort\/wp-json\/wp\/v2\/media?parent=555"}],"wp:term":[{"taxonomy":"category","embeddable":true,"href":"https:\/\/www.dp.lu\/stengefort\/wp-json\/wp\/v2\/categories?post=555"},{"taxonomy":"post_tag","embeddable":true,"href":"https:\/\/www.dp.lu\/stengefort\/wp-json\/wp\/v2\/tags?post=555"}],"curies":[{"name":"wp","href":"https:\/\/api.w.org\/{rel}","templated":true}]}}